{"id":10164,"date":"2018-09-20T11:18:42","date_gmt":"2018-09-20T11:18:42","guid":{"rendered":"http:\/\/www.kjk.ee\/?p=10164"},"modified":"2018-09-20T11:21:48","modified_gmt":"2018-09-20T11:21:48","slug":"tana-tahistab-oma-70-juubelit-klubi-auliige-mart-meiel","status":"publish","type":"post","link":"https:\/\/kjk.ee\/en\/tana-tahistab-oma-70-juubelit-klubi-auliige-mart-meiel\/","title":{"rendered":"T\u00e4na t\u00e4histab oma 70. juubelit klubi auliige Mart Meiel"},"content":{"rendered":"<p style=\"padding-left: 30px;\"><img loading=\"lazy\" class=\"wp-image-10165 alignleft\" src=\"http:\/\/www.kjk.ee\/wp-content\/uploads\/2018\/09\/mart-meiel.jpg\" alt=\"mart meiel\" width=\"302\" height=\"452\" srcset=\"https:\/\/kjk.ee\/wp-content\/uploads\/2018\/09\/mart-meiel.jpg 667w, https:\/\/kjk.ee\/wp-content\/uploads\/2018\/09\/mart-meiel-200x300.jpg 200w, https:\/\/kjk.ee\/wp-content\/uploads\/2018\/09\/mart-meiel-37x55.jpg 37w, https:\/\/kjk.ee\/wp-content\/uploads\/2018\/09\/mart-meiel-32x48.jpg 32w, https:\/\/kjk.ee\/wp-content\/uploads\/2018\/09\/mart-meiel-65x98.jpg 65w\" sizes=\"(max-width: 302px) 100vw, 302px\" \/><\/p>\n<p style=\"padding-left: 30px; text-align: justify;\">T\u00e4na, 20. septembril t\u00e4histab oma 70. juubelit klubi auliige Mart Meiel.<\/p>\n<p style=\"padding-left: 30px; text-align: justify;\">Pirital \u00fcles kasvanud purjetajate hulgas ei ole ilmselt kedagi, kes ei teaks Mart Meielit.<\/p>\n<p style=\"padding-left: 30px; text-align: justify;\">S\u00f5bralik &#8220;koolipapa&#8221; ja purjetamistreener on Kalevi Jahtklubi Purjespordikooli juhtinud alates 1977. a augustist ehk siis m\u00f6\u00f6dunud aastal t\u00e4itus Mardil 40 aastat staa\u017ei Eesti noorte purjespordi arendamisel.<\/p>\n<p style=\"padding-left: 30px; text-align: justify;\">Lisaks Kalevi Jahtklubi Purjepordikooli igap\u00e4evat\u00f6\u00f6le on Mart aastaid korraldanud ka laste spordilaagreid. V\u00e4ga oodatud traditsiooniline Saadj\u00e4rve lastelaager toimus sellel aastal juba 20. korda! Lisaks purjetamisele ja sporditegemisele \u00f5pitakse laagris mitmesuguseid elus hakkamasaamise oskuseid ja see on spordikooli laste jaoks alati v\u00e4ga oodatud suves\u00fcndmus!<\/p>\n<p style=\"padding-left: 30px; text-align: justify;\">Mart on samuti hea v\u00f5istluste organiseerija. Lisaks purjespordikooli juhtimisele on Mart juba mitu aastak\u00fcmmet korraldanud t\u00e4naseks rahvusvahelise m\u00f5\u00f5tme v\u00f5tnud Baltimaade suurimat noorteregatti Spinnaker, klassidele Optimist ja Zoom8, millest t\u00e4navu, regati 42. toimumisaastal, v\u00f5ttis osa rekordarv 252 purjetajat kaheksast riigist. Aastak\u00fcmneid on Mart korraldanud ka legendaarse purjetamistreeneri Taavi Oru m\u00e4lestuseks toimuvat regatti Kuldseekel.<\/p>\n<p style=\"padding-left: 30px; text-align: justify;\">Kalevi Jahtklubi tunnustas Marti 2017. a purjetamishooaja l\u00f5ppedes klubi auliikme staatuse omistamisega ning Eesti Jahtklubide Liit andis Mardile teenetem\u00e4rgi Eesti \u00fche suurima noortev\u00f5istluse, rahvusvahelise Spinnakeri regatti korraldamise eest.<\/p>\n<p style=\"padding-left: 30px; text-align: justify;\">Hea huumorisoonega onu Mart oskab teha tabavat nalja ja teeb julgesti nalja ka enda aadressil.<\/p>\n<p style=\"padding-left: 30px; text-align: justify;\">Alati positiivne ja abivalmis klubikaaslane.<\/p>\n<p style=\"padding-left: 30px; text-align: justify;\">Palju \u00f5nne ja tervist, onu Mart!<\/p>\n","protected":false},"excerpt":{"rendered":"<p>T\u00e4na, 20. septembril t\u00e4histab oma 70. juubelit klubi auliige Mart Meiel. Pirital \u00fcles kasvanud purjetajate hulgas ei ole ilmselt kedagi, kes ei teaks Mart Meielit. S\u00f5bralik &#8220;koolipapa&#8221; ja purjetamistreener on Kalevi Jahtklubi Purjespordikooli juhtinud alates 1977. a augustist ehk siis m\u00f6\u00f6dunud aastal t\u00e4itus Mardil 40 aastat staa\u017ei Eesti noorte purjespordi arendamisel. Lisaks Kalevi Jahtklubi Purjepordikooli igap\u00e4evat\u00f6\u00f6le on Mart aastaid korraldanud<a class=\"more-link\" href=\"https:\/\/kjk.ee\/en\/tana-tahistab-oma-70-juubelit-klubi-auliige-mart-meiel\/\">[Read More&#8230;]<\/a><\/p>\n","protected":false},"author":24,"featured_media":10169,"comment_status":"open","ping_status":"open","sticky":false,"template":"","format":"standard","meta":{"spay_email":"","jetpack_publicize_message":""},"categories":[1],"tags":[],"jetpack_featured_media_url":"https:\/\/kjk.ee\/wp-content\/uploads\/2018\/09\/mart-meiel-crop.jpg","jetpack_publicize_connections":[],"jetpack_sharing_enabled":true,"jetpack_shortlink":"https:\/\/wp.me\/paW3M4-2DW","_links":{"self":[{"href":"https:\/\/kjk.ee\/en\/wp-json\/wp\/v2\/posts\/10164"}],"collection":[{"href":"https:\/\/kjk.ee\/en\/wp-json\/wp\/v2\/posts"}],"about":[{"href":"https:\/\/kjk.ee\/en\/wp-json\/wp\/v2\/types\/post"}],"author":[{"embeddable":true,"href":"https:\/\/kjk.ee\/en\/wp-json\/wp\/v2\/users\/24"}],"replies":[{"embeddable":true,"href":"https:\/\/kjk.ee\/en\/wp-json\/wp\/v2\/comments?post=10164"}],"version-history":[{"count":3,"href":"https:\/\/kjk.ee\/en\/wp-json\/wp\/v2\/posts\/10164\/revisions"}],"predecessor-version":[{"id":10168,"href":"https:\/\/kjk.ee\/en\/wp-json\/wp\/v2\/posts\/10164\/revisions\/10168"}],"wp:featuredmedia":[{"embeddable":true,"href":"https:\/\/kjk.ee\/en\/wp-json\/wp\/v2\/media\/10169"}],"wp:attachment":[{"href":"https:\/\/kjk.ee\/en\/wp-json\/wp\/v2\/media?parent=10164"}],"wp:term":[{"taxonomy":"category","embeddable":true,"href":"https:\/\/kjk.ee\/en\/wp-json\/wp\/v2\/categories?post=10164"},{"taxonomy":"post_tag","embeddable":true,"href":"https:\/\/kjk.ee\/en\/wp-json\/wp\/v2\/tags?post=10164"}],"curies":[{"name":"wp","href":"https:\/\/api.w.org\/{rel}","templated":true}]}}