{"id":10983,"date":"2019-04-02T14:38:19","date_gmt":"2019-04-02T14:38:19","guid":{"rendered":"http:\/\/www.kjk.ee\/?p=10983"},"modified":"2019-04-02T15:07:37","modified_gmt":"2019-04-02T15:07:37","slug":"uue-klubiulemana-asub-ametisse-lauri-kurvits","status":"publish","type":"post","link":"https:\/\/kjk.ee\/en\/uue-klubiulemana-asub-ametisse-lauri-kurvits\/","title":{"rendered":"Uue klubi\u00fclemana asub ametisse Lauri Kurvits ja sadamakapteni t\u00f6\u00f6 v\u00f5tab \u00fcle Andres Tamm"},"content":{"rendered":"<div style=\"text-align: justify;\">\n<div style=\"text-align: center;\"><img loading=\"lazy\" src=\"https:\/\/gallery.mailchimp.com\/cb0a2a8a01bcb25776f5de3ce\/images\/1b0375c1-6c42-4bbc-8e6d-482503c1fcc0.jpg\" width=\"450\" height=\"276\" data-file-id=\"2123677\" \/><\/div>\n<div>\u00a0<span class=\"\" style=\"display:block;clear:both;height: 0px;padding-top: 20px;border-top-width:0px;border-bottom-width:0px;\"><\/span><\/div>\n<div>Alates 1. aprillist on Kalevi Jahtklubi \u00fclem\u00a0<strong>Lauri Kurvits<\/strong>.<br \/>\nLauri on kipperina purjetanud 20 aastat. Suviti koduvetes, muul ajal soojematel laiuskraadidel.<br \/>\nLauri: \u201eOlen kirglik matkapurjetaja, kiiluvette j\u00e4tnud tuhandeid ja tuhandeid miile erinevatel meredel ja ookeanidel. Suved veedan jahtklubis. Juba m\u00f5nda aega on olnud soov ja tahtmine ka oma talvised tegemised merele l\u00e4hemale tuua. Koduklubi k\u00e4ek\u00e4ik ja areng on mulle s\u00fcdamel\u00e4hedased, p\u00fc\u00fcan selles ametis anda endast parima. Seda loomulikult k\u00f5igi teie abi ja toetusega, head klubikaaslased. Olen klubis teie jaoks ja teie teenistuses. Te teate, kust mind klubimajas leida, trepist \u00fcles ja vasakule. Edaspidi v\u00f5in \u00f6elda, et ka talved veedan jahtklubis.\u201c<\/div>\n<\/div>\n<hr \/>\n<div><img loading=\"lazy\" class=\"aligncenter\" src=\"https:\/\/gallery.mailchimp.com\/cb0a2a8a01bcb25776f5de3ce\/images\/c5caf3a8-0927-47d9-8449-2f774d8383d9.jpg\" width=\"450\" height=\"298\" data-file-id=\"2123281\" \/><\/div>\n<div style=\"text-align: justify;\"><span class=\"\" style=\"display:block;clear:both;height: 0px;padding-top: 20px;border-top-width:0px;border-bottom-width:0px;\"><\/span><\/div>\n<div style=\"text-align: justify;\">Loodus t\u00fchja kohta ei salli ja samuti ka Kalevi Jahtklubi sadam, kus Orava Indreku j\u00e4rel v\u00f5tab sadamakapteni ohjad enda k\u00e4tte\u00a0<strong>Andres Tamm.<\/strong><\/div>\n<div style=\"text-align: justify;\">&#8220;Meri, purjetamine ja v\u00e4ikesadamate eluolu on mind saatnud pea 40 aastat. Mul oli v\u00f5imalus kuuluda meeskonda, kes alustas taasiseseisvunud Eestis P\u00e4rnu jahisadama \u00fclesehitamist. Seda v\u00e4ikesadamat ma siis 14 aastat ka juhtisin. See oli v\u00e4ga huvitav ja \u00f5petlik aeg. Parim, mis sealt sain, oli suur kogemus ja tutvus paljude suurep\u00e4raste inimestega.<br \/>\nMul \u00a0on hea meel, et \u00a0olen saanud v\u00f5imaluse asuda t\u00f6\u00f6le Kalevi Jahtklubisse. Sadamakaptenina luban rakendada parimal moel omandatud oskusi ja teadmisi \u00fche jahisadama toimimiseks.<br \/>\nHead klubiliikmed, soovin Teile meeleolukat peatselt algavat purjetamishooaega!<br \/>\nTehke sporti ja nautige puhkust merel!&#8221;<\/div>\n","protected":false},"excerpt":{"rendered":"<p>\u00a0 Alates 1. aprillist on Kalevi Jahtklubi \u00fclem\u00a0Lauri Kurvits. Lauri on kipperina purjetanud 20 aastat. Suviti koduvetes, muul ajal soojematel laiuskraadidel. Lauri: \u201eOlen kirglik matkapurjetaja, kiiluvette j\u00e4tnud tuhandeid ja tuhandeid miile erinevatel meredel ja ookeanidel. Suved veedan jahtklubis. Juba m\u00f5nda aega on olnud soov ja tahtmine ka oma talvised tegemised merele l\u00e4hemale tuua. Koduklubi k\u00e4ek\u00e4ik ja areng on mulle s\u00fcdamel\u00e4hedased,<a class=\"more-link\" href=\"https:\/\/kjk.ee\/en\/uue-klubiulemana-asub-ametisse-lauri-kurvits\/\">[Read More&#8230;]<\/a><\/p>\n","protected":false},"author":24,"featured_media":10984,"comment_status":"open","ping_status":"open","sticky":false,"template":"","format":"standard","meta":{"spay_email":"","jetpack_publicize_message":""},"categories":[167],"tags":[],"jetpack_featured_media_url":"https:\/\/kjk.ee\/wp-content\/uploads\/2019\/04\/lauri-kurvits-suvi.jpg","jetpack_publicize_connections":[],"jetpack_sharing_enabled":true,"jetpack_shortlink":"https:\/\/wp.me\/paW3M4-2R9","_links":{"self":[{"href":"https:\/\/kjk.ee\/en\/wp-json\/wp\/v2\/posts\/10983"}],"collection":[{"href":"https:\/\/kjk.ee\/en\/wp-json\/wp\/v2\/posts"}],"about":[{"href":"https:\/\/kjk.ee\/en\/wp-json\/wp\/v2\/types\/post"}],"author":[{"embeddable":true,"href":"https:\/\/kjk.ee\/en\/wp-json\/wp\/v2\/users\/24"}],"replies":[{"embeddable":true,"href":"https:\/\/kjk.ee\/en\/wp-json\/wp\/v2\/comments?post=10983"}],"version-history":[{"count":5,"href":"https:\/\/kjk.ee\/en\/wp-json\/wp\/v2\/posts\/10983\/revisions"}],"predecessor-version":[{"id":31623,"href":"https:\/\/kjk.ee\/en\/wp-json\/wp\/v2\/posts\/10983\/revisions\/31623"}],"wp:featuredmedia":[{"embeddable":true,"href":"https:\/\/kjk.ee\/en\/wp-json\/wp\/v2\/media\/10984"}],"wp:attachment":[{"href":"https:\/\/kjk.ee\/en\/wp-json\/wp\/v2\/media?parent=10983"}],"wp:term":[{"taxonomy":"category","embeddable":true,"href":"https:\/\/kjk.ee\/en\/wp-json\/wp\/v2\/categories?post=10983"},{"taxonomy":"post_tag","embeddable":true,"href":"https:\/\/kjk.ee\/en\/wp-json\/wp\/v2\/tags?post=10983"}],"curies":[{"name":"wp","href":"https:\/\/api.w.org\/{rel}","templated":true}]}}