{"id":12420,"date":"2019-07-10T23:08:55","date_gmt":"2019-07-10T20:08:55","guid":{"rendered":"https:\/\/kjk.ee\/?p=12420"},"modified":"2019-07-11T09:48:02","modified_gmt":"2019-07-11T06:48:02","slug":"tanasega-said-peetud-pooled-marinepool-kalevi-jahtklubi-kolmapaevaregati-soitudest","status":"publish","type":"post","link":"https:\/\/kjk.ee\/en\/tanasega-said-peetud-pooled-marinepool-kalevi-jahtklubi-kolmapaevaregati-soitudest\/","title":{"rendered":"T\u00e4nasega said peetud pooled MARINEPOOL \u2013 Kalevi Jahtklubi kolmap\u00e4evaregati s\u00f5itudest"},"content":{"rendered":"<p><a href=\"https:\/\/kjk.ee\/wp-content\/uploads\/2016\/10\/MP_KJK_kolmap\u00e4evaregatt.jpg\"><img loading=\"lazy\" class=\"alignleft size-full wp-image-5047\" src=\"https:\/\/kjk.ee\/wp-content\/uploads\/2016\/10\/MP_KJK_kolmap\u00e4evaregatt.jpg\" alt=\"\" width=\"480\" height=\"99\" srcset=\"https:\/\/kjk.ee\/wp-content\/uploads\/2016\/10\/MP_KJK_kolmap\u00e4evaregatt.jpg 480w, https:\/\/kjk.ee\/wp-content\/uploads\/2016\/10\/MP_KJK_kolmap\u00e4evaregatt-300x62.jpg 300w, https:\/\/kjk.ee\/wp-content\/uploads\/2016\/10\/MP_KJK_kolmap\u00e4evaregatt-267x55.jpg 267w, https:\/\/kjk.ee\/wp-content\/uploads\/2016\/10\/MP_KJK_kolmap\u00e4evaregatt-233x48.jpg 233w\" sizes=\"(max-width: 480px) 100vw, 480px\" \/><\/a><\/p>\n<p>P\u00e4ikeselise ilma ja n\u00f5rga tuulega s\u00f5ideti t\u00e4na seeriav\u00f5istluse k\u00fcmnes s\u00f5it, mille stardis oli 50 avamerepurjekat.<\/p>\n<p>Kuna prognoos oli j\u00e4lle v\u00f5istlust mittesoosiv ehk siis seekord pidi tuul Tallinna lahelt t\u00e4ielikult kaduma kella \u00fcheksaks, pani v\u00f5istlusjuht M\u00e4rt Pais v\u00e4lja l\u00fchiraja, l\u00f5igu pikkusega 1 miil. Neli meetrit sekundis puhunud loodetuul oli sedav\u00f5rd edasiviivaks j\u00f5uks, et ORC grupid, kellele anti s\u00f5idule \u00fchisstart, j\u00f5udsid oma kahelt ringilt tagasi just samadel aegadel kui hiljem startinud LYS II, DRAAKON ja FOLKBOOT grupid, kes purjetasid \u00fche ringi. LYS I purjetas vastu-allatuulerajal sarnaselt ORC gruppidega kaks ringi.<\/p>\n<div id=\"attachment_12429\" style=\"width: 700px\" class=\"wp-caption alignleft\"><a href=\"https:\/\/kjk.ee\/wp-content\/uploads\/2019\/07\/Kolmapa\u0308evaregatt-2019-07-10_013.jpg\"><img aria-describedby=\"caption-attachment-12429\" loading=\"lazy\" class=\"size-large wp-image-12429\" src=\"https:\/\/kjk.ee\/wp-content\/uploads\/2019\/07\/Kolmapa\u0308evaregatt-2019-07-10_013-1024x575.jpg\" alt=\"\" width=\"690\" height=\"387\" srcset=\"https:\/\/kjk.ee\/wp-content\/uploads\/2019\/07\/Kolmapa\u0308evaregatt-2019-07-10_013-1024x575.jpg 1024w, https:\/\/kjk.ee\/wp-content\/uploads\/2019\/07\/Kolmapa\u0308evaregatt-2019-07-10_013-300x169.jpg 300w, https:\/\/kjk.ee\/wp-content\/uploads\/2019\/07\/Kolmapa\u0308evaregatt-2019-07-10_013-768x432.jpg 768w, https:\/\/kjk.ee\/wp-content\/uploads\/2019\/07\/Kolmapa\u0308evaregatt-2019-07-10_013-98x55.jpg 98w, https:\/\/kjk.ee\/wp-content\/uploads\/2019\/07\/Kolmapa\u0308evaregatt-2019-07-10_013-85x48.jpg 85w, https:\/\/kjk.ee\/wp-content\/uploads\/2019\/07\/Kolmapa\u0308evaregatt-2019-07-10_013-174x98.jpg 174w\" sizes=\"(max-width: 690px) 100vw, 690px\" \/><\/a><p id=\"caption-attachment-12429\" class=\"wp-caption-text\">Marinepool-KJK Kolmap\u00e4evaregatt 10.07.2019<br \/>Foto: Tiit Aunaste<\/p><\/div>\n<p>S\u00f5iduaeg oli grupiti erinev, eriti kiiresti liuglesid Draakonid, kes l\u00e4bisid raja pea kahek\u00fcmne minutiga. L\u00fchirajale omaselt oli fini\u0161 tihe ja kiire ning jahid said kaldale suhteliselt \u00fcheaegselt.<\/p>\n<p>Autasustamisele Kalevi Jahtklubi lipuv\u00e4ljakule olid oodatud k\u00f5ik v\u00f5istlusest osav\u00f5tnud jahtide meeskonnad, kus taaskord loositi v\u00e4lja \u00a0MARINEPOOLI p\u00e4\u00e4stevest ja toimus ka t\u00e4nase s\u00f5idu esikolmikute \u00f5nnitlemine.<\/p>\n<p><em>Tekst Elle Bubert\u00a0\u00a0\u00a0\u00a0\u00a0\u00a0\u00a0\u00a0<\/em><\/p>\n<p><a href=\"https:\/\/www.facebook.com\/pg\/Kalevi.Jahtklubi\/photos\/?tab=album&#038;album_id=2856709347679088&#038;__xts__%5B0%5D=68.ARCpEz4nnUI9SvAskI2NsGgF93B8Bj-ISVlrrBvht8qXpeH7y35bB7anmziSk9AKbYDBTW1GQ2DaTklt5nViPcdnreChDR89IHu2Y7Qrakqda7ewvNIX1UM9cLmkc9AxWVDV37ZPMF80-yK9GX_h2XfX0Vzn66qqiE3ejAh7CZ8jja7fWBQGhyYfpXrUaT4nvo1nK1HV1DctUJKZB7lOKakNpp0HvUD2HrYherZqwnumCK_LIOKtKYpIeYHc1_fRJg_P2WL5U66psUF5GhNOeh3i-xe0yKngNyRxxmngf7Z64SlZ40DX3iftZy40gTQm31SDq_ZH2hMADAHE319Naybrl149Vcq_mo-EQZkSwjPqns1TiUyOelPCN_HcHQvzZzBb4Iueh5V-Ip6yah4WEu2pegXQWEw5yU71Pzq9wiSKYK8fbOEbhIkofKZ5i88waYnyyax-ugD84ECZYPXQ&#038;__tn__=-UC-R\">Fotogalerii &#8211; Tiit Aunaste<\/a><\/p>\n<p><iframe style=\"border: none; overflow: hidden;\" src=\"https:\/\/www.facebook.com\/plugins\/post.php?href=https%3A%2F%2Fwww.facebook.com%2Fmedia%2Fset%2F%3Fset%3Da.2856709347679088%26type%3D3&#038;width=500\" width=\"500\" height=\"694\" frameborder=\"0\" scrolling=\"no\"><\/iframe><\/p>\n<p><strong>MARINEPOOL \u2013 Kalevi Jahtklubi Kolmap\u00e4evaregati 10. s\u00f5idu v\u00f5itjad:<\/strong><\/p>\n<p><strong>ORC I<\/strong><\/p>\n<p>I koht SUGAR kapten Ott Kikkas<\/p>\n<p>II koht FORTE kapten Tammo Otsasoo<\/p>\n<p>III koht MATILDA 4 kapten Koit Pauts<\/p>\n<p><strong>ORC II<\/strong><\/p>\n<p>I koht\u00a0 JAZZ kapten Viljar Sepp<\/p>\n<p>II koht ADELE kapten Aleksander Zolotov<\/p>\n<p>III koht BRIGITTA X kapten Aleksandr Karboinov<\/p>\n<p><strong>LYS I<\/strong><\/p>\n<p>I koht PILOILLERI kapten Anne \u2013 Mari Luik<\/p>\n<p>II koht FANATIC kapten Ain \u2013 Eke Jalasto<\/p>\n<p>III koht BERTA kapten Hando Sutter<\/p>\n<p><strong>LYS II<\/strong><\/p>\n<p>I koht VIRU kapten Indrek Pikk<\/p>\n<p>II koht V\u00c4IKE M\u00dc\u00dc kapten Denis Gorski<\/p>\n<p>III koht ESTELLA kapten Alar Laaan<\/p>\n<p><strong>DRAAKON<\/strong><\/p>\n<p>I koht\u00a0 ANNA kapten Eduard Gorbunov<\/p>\n<p>II koht JOANNA kapten Dmitri Bondarenko<\/p>\n<p>III koht SPARWEN kapten Aleksei Zigadlo<\/p>\n<p><strong>FOLKBOOT<\/strong><\/p>\n<p>I koht\u00a0 LINDA kapten Pertti Neero<\/p>\n<p>II koht MARIELLE kapten Vallo Kalvik<\/p>\n<p>III koht P\u00c4RL kapten Andreas Lukin<\/p>\n<p><a href=\"https:\/\/kjk.ee\/event\/10-marinepool-kjk-kolmapaevaregatt-2\/\">TULEMUSED<\/a><\/p>\n","protected":false},"excerpt":{"rendered":"<p>P\u00e4ikeselise ilma ja n\u00f5rga tuulega s\u00f5ideti t\u00e4na seeriav\u00f5istluse k\u00fcmnes s\u00f5it, mille stardis oli 50 avamerepurjekat. Kuna prognoos oli j\u00e4lle v\u00f5istlust mittesoosiv ehk siis seekord pidi tuul Tallinna lahelt t\u00e4ielikult kaduma kella \u00fcheksaks, pani v\u00f5istlusjuht M\u00e4rt Pais v\u00e4lja l\u00fchiraja, l\u00f5igu pikkusega 1 miil. Neli meetrit sekundis puhunud loodetuul oli sedav\u00f5rd edasiviivaks j\u00f5uks, et ORC grupid, kellele anti s\u00f5idule \u00fchisstart, j\u00f5udsid oma<a class=\"more-link\" href=\"https:\/\/kjk.ee\/en\/tanasega-said-peetud-pooled-marinepool-kalevi-jahtklubi-kolmapaevaregati-soitudest\/\">[Read More&#8230;]<\/a><\/p>\n","protected":false},"author":24,"featured_media":12421,"comment_status":"open","ping_status":"open","sticky":false,"template":"","format":"standard","meta":{"spay_email":"","jetpack_publicize_message":""},"categories":[167,1],"tags":[168,13,154],"jetpack_featured_media_url":"https:\/\/kjk.ee\/wp-content\/uploads\/2019\/07\/1-1.jpg","jetpack_publicize_connections":[],"jetpack_sharing_enabled":true,"jetpack_shortlink":"https:\/\/wp.me\/paW3M4-3ek","_links":{"self":[{"href":"https:\/\/kjk.ee\/en\/wp-json\/wp\/v2\/posts\/12420"}],"collection":[{"href":"https:\/\/kjk.ee\/en\/wp-json\/wp\/v2\/posts"}],"about":[{"href":"https:\/\/kjk.ee\/en\/wp-json\/wp\/v2\/types\/post"}],"author":[{"embeddable":true,"href":"https:\/\/kjk.ee\/en\/wp-json\/wp\/v2\/users\/24"}],"replies":[{"embeddable":true,"href":"https:\/\/kjk.ee\/en\/wp-json\/wp\/v2\/comments?post=12420"}],"version-history":[{"count":5,"href":"https:\/\/kjk.ee\/en\/wp-json\/wp\/v2\/posts\/12420\/revisions"}],"predecessor-version":[{"id":12433,"href":"https:\/\/kjk.ee\/en\/wp-json\/wp\/v2\/posts\/12420\/revisions\/12433"}],"wp:featuredmedia":[{"embeddable":true,"href":"https:\/\/kjk.ee\/en\/wp-json\/wp\/v2\/media\/12421"}],"wp:attachment":[{"href":"https:\/\/kjk.ee\/en\/wp-json\/wp\/v2\/media?parent=12420"}],"wp:term":[{"taxonomy":"category","embeddable":true,"href":"https:\/\/kjk.ee\/en\/wp-json\/wp\/v2\/categories?post=12420"},{"taxonomy":"post_tag","embeddable":true,"href":"https:\/\/kjk.ee\/en\/wp-json\/wp\/v2\/tags?post=12420"}],"curies":[{"name":"wp","href":"https:\/\/api.w.org\/{rel}","templated":true}]}}