{"id":15083,"date":"2020-07-15T09:51:37","date_gmt":"2020-07-15T06:51:37","guid":{"rendered":"https:\/\/kjk.ee\/?p=15083"},"modified":"2020-07-15T09:51:37","modified_gmt":"2020-07-15T06:51:37","slug":"muhu-vaina-regatil-on-voistlustules-president-kersti-kaljulaid","status":"publish","type":"post","link":"https:\/\/kjk.ee\/en\/muhu-vaina-regatil-on-voistlustules-president-kersti-kaljulaid\/","title":{"rendered":"MUHU V\u00c4INA REGATIL ON V\u00d5ISTLUSTULES PRESIDENT KERSTI KALJULAID"},"content":{"rendered":"<p>P\u00e4rnust alustas eile A. Le Coq 63. Muhu V\u00e4ina regati kolmandat v\u00f5istlusp\u00e4eva 108 jahti ja pea 700 purjetajat Eestist, L\u00e4tist ja Soomest, nende seas ka President Kersti Kaljulaid.<br \/>\nSeilatakse seitsmep\u00e4evase regati k\u00f5ige pikemat etappi, mis viib v\u00f5istlejad P\u00e4rnust K\u00e4rdlasse. Kui pikast distantsist ei ole veel piisavat v\u00e4ljakutset, siis \u00f5htuks n\u00f5rgenev tuul raskendas v\u00f5istlusolusid veelgi.<\/p>\n<p>Peav\u00f5istlusjuht J\u00fcri S\u00f5ber andis v\u00f5istlejatele seet\u00f5ttu esmasp\u00e4eva \u00f5htul teada, et kuna tuuleprognoos n\u00e4itab \u00f5htuks ja \u00f6\u00f6seks olematut tuult ning lootust K\u00e4rdlasse purjede j\u00f5ul j\u00f5uda ei ole, siis fini\u0161eeritakse juba Kuivastu sadama l\u00e4hedal. Sealt liiguvad v\u00f5istlejad mootori j\u00f5ul edasi K\u00e4rdlasse. Kogu distantsi pikkuseks j\u00e4\u00e4b olenevalt v\u00f5istlusgrupist 44-60 meremiili.<\/p>\n<p>President Kersti Kaljulaid osaleb etapil v\u00f5istlusjahil Piloilleri 3 (Rein Ottosoni Purjespordikool\/Kalev Jahtklubi), mille naiskonda juhib kapten Anne-Mari Luik. Naiskond v\u00f5istleb v\u00f5istlusgrupis ORC III ning on selles grupis 19 paatkonna seas peale teist etappi liidripositsioonil.<\/p>\n<p>President soovis P\u00e4rnu Jahtklubis enne mereleminekut k\u00f5igile purjetajatele edu v\u00f5istluses ning t\u00f5i oma tervitusk\u00f5nes v\u00e4lja Muhu V\u00e4ina regati olulisuse Eesti merekultuuri hoidmisel: \u201eIga start viib meid l\u00e4hemale sellise mereriigi staatusele, mille oleme oma asukoha ja ajalooga ammu v\u00e4lja teeninud. See, mida teie teete Muhu V\u00e4ina regatil igal suvel, on v\u00f5ib-olla t\u00e4hendusrikkam, kui lihtsalt \u00fcks startide rida. \u201c<\/p>\n<p>Presidendi jaoks ei ole see esimene kord Muhu V\u00e4ina regatil purjetada \u2013 eelmisel aastal l\u00e4bis ta Abruka ringi kapten Mikk K\u00f6\u00f6seli jahi Jonna pardal ja 2018. aastal Tallinna ringi koos jahi Forte meeskonnaga.<\/p>\n<p>Jahi pardal olevat meeleolu ja tegemisi saab lugeda Muhu V\u00e4ina blogi vahendusel nii s\u00f5nas kui ka pildis <a href=\"https:\/\/purjetamine.postimees.ee\/7009141\/muhu-vaina-regati-otseblogi-2020\">SIIN<\/a>. Jahtide liikumist saab j\u00e4lgida otse veebi kaudu Sportreci lehel siin <a href=\"http:\/\/www.sportrec.eu\/?page_id=671\">http:\/\/www.sportrec.eu\/?page_id=671<\/a><\/p>\n","protected":false},"excerpt":{"rendered":"<p>P\u00e4rnust alustas eile A. Le Coq 63. Muhu V\u00e4ina regati kolmandat v\u00f5istlusp\u00e4eva 108 jahti ja pea 700 purjetajat Eestist, L\u00e4tist ja Soomest, nende seas ka President Kersti Kaljulaid. Seilatakse seitsmep\u00e4evase regati k\u00f5ige pikemat etappi, mis viib v\u00f5istlejad P\u00e4rnust K\u00e4rdlasse. Kui pikast distantsist ei ole veel piisavat v\u00e4ljakutset, siis \u00f5htuks n\u00f5rgenev tuul raskendas v\u00f5istlusolusid veelgi. Peav\u00f5istlusjuht J\u00fcri S\u00f5ber andis v\u00f5istlejatele seet\u00f5ttu<a class=\"more-link\" href=\"https:\/\/kjk.ee\/en\/muhu-vaina-regatil-on-voistlustules-president-kersti-kaljulaid\/\">[Read More&#8230;]<\/a><\/p>\n","protected":false},"author":24,"featured_media":15084,"comment_status":"open","ping_status":"open","sticky":false,"template":"","format":"standard","meta":{"spay_email":"","jetpack_publicize_message":""},"categories":[167],"tags":[],"jetpack_featured_media_url":"https:\/\/kjk.ee\/wp-content\/uploads\/2020\/07\/MV4.jpg","jetpack_publicize_connections":[],"jetpack_sharing_enabled":true,"jetpack_shortlink":"https:\/\/wp.me\/paW3M4-3Vh","_links":{"self":[{"href":"https:\/\/kjk.ee\/en\/wp-json\/wp\/v2\/posts\/15083"}],"collection":[{"href":"https:\/\/kjk.ee\/en\/wp-json\/wp\/v2\/posts"}],"about":[{"href":"https:\/\/kjk.ee\/en\/wp-json\/wp\/v2\/types\/post"}],"author":[{"embeddable":true,"href":"https:\/\/kjk.ee\/en\/wp-json\/wp\/v2\/users\/24"}],"replies":[{"embeddable":true,"href":"https:\/\/kjk.ee\/en\/wp-json\/wp\/v2\/comments?post=15083"}],"version-history":[{"count":2,"href":"https:\/\/kjk.ee\/en\/wp-json\/wp\/v2\/posts\/15083\/revisions"}],"predecessor-version":[{"id":15086,"href":"https:\/\/kjk.ee\/en\/wp-json\/wp\/v2\/posts\/15083\/revisions\/15086"}],"wp:featuredmedia":[{"embeddable":true,"href":"https:\/\/kjk.ee\/en\/wp-json\/wp\/v2\/media\/15084"}],"wp:attachment":[{"href":"https:\/\/kjk.ee\/en\/wp-json\/wp\/v2\/media?parent=15083"}],"wp:term":[{"taxonomy":"category","embeddable":true,"href":"https:\/\/kjk.ee\/en\/wp-json\/wp\/v2\/categories?post=15083"},{"taxonomy":"post_tag","embeddable":true,"href":"https:\/\/kjk.ee\/en\/wp-json\/wp\/v2\/tags?post=15083"}],"curies":[{"name":"wp","href":"https:\/\/api.w.org\/{rel}","templated":true}]}}