{"id":20411,"date":"2022-07-28T20:09:57","date_gmt":"2022-07-28T17:09:57","guid":{"rendered":"https:\/\/kjk.ee\/?p=20411"},"modified":"2026-03-02T14:01:13","modified_gmt":"2026-03-02T12:01:13","slug":"amserv-kolmapaevak-naases-vaikeselt-puhkuselt-ideaalse-purjetamise-ilmaga","status":"publish","type":"post","link":"https:\/\/kjk.ee\/en\/amserv-kolmapaevak-naases-vaikeselt-puhkuselt-ideaalse-purjetamise-ilmaga\/","title":{"rendered":"Amserv Kolmap\u00e4evak naases v\u00e4ikeselt puhkuselt ideaalse purjetamise ilmaga"},"content":{"rendered":"<p><a href=\"https:\/\/kjk.ee\/wp-content\/uploads\/2022\/07\/kolmapaevak-28.jpg\"><img loading=\"lazy\" class=\"size-medium wp-image-20422 alignleft\" src=\"https:\/\/kjk.ee\/wp-content\/uploads\/2022\/07\/kolmapaevak-28-300x200.jpg\" alt=\"\" width=\"300\" height=\"200\" srcset=\"https:\/\/kjk.ee\/wp-content\/uploads\/2022\/07\/kolmapaevak-28-300x200.jpg 300w, https:\/\/kjk.ee\/wp-content\/uploads\/2022\/07\/kolmapaevak-28-1024x683.jpg 1024w, https:\/\/kjk.ee\/wp-content\/uploads\/2022\/07\/kolmapaevak-28-768x512.jpg 768w, https:\/\/kjk.ee\/wp-content\/uploads\/2022\/07\/kolmapaevak-28-1536x1025.jpg 1536w, https:\/\/kjk.ee\/wp-content\/uploads\/2022\/07\/kolmapaevak-28-82x55.jpg 82w, https:\/\/kjk.ee\/wp-content\/uploads\/2022\/07\/kolmapaevak-28-72x48.jpg 72w, https:\/\/kjk.ee\/wp-content\/uploads\/2022\/07\/kolmapaevak-28-147x98.jpg 147w, https:\/\/kjk.ee\/wp-content\/uploads\/2022\/07\/kolmapaevak-28.jpg 2048w\" sizes=\"(max-width: 300px) 100vw, 300px\" \/><\/a> Juulikuu viimane Amserv Kolmap\u00e4evak s\u00f5ideti stardis \u00fcsna tugevas pilvealuses tuules, mis \u00f5htu m\u00f6\u00f6dudes tuure aga maha v\u00f5ttis ning ka p\u00e4ikesel korra pilve tagant v\u00e4lja paista lubas. Kokku oli stardiliinil oma grupi s\u00f5iduv\u00f5itu jahtimas 43 alust ning pikalt puhanud purjetajad said seekord teha suurema ringi, kus vastutuule-allatuule rada sai ilusti navigatsioonim\u00e4rkide vahele v\u00e4lja joonistatud. Keskmine s\u00f5iduaeg tuli pea tunni v\u00f5rra pikem kui tavaliselt. Aga head purjetamisilma j\u00e4tkus l\u00f5puni ning r\u00f5\u00f5msaid ja rahulolevaid n\u00e4gusid j\u00e4tkus sadama kaile ning restorani terassile kuni autasustamiseni.<\/p>\n<p><em><strong><a href=\"https:\/\/kjk.ee\/wp-content\/uploads\/2022\/07\/kolmapaevak-29.jpg\"><img loading=\"lazy\" class=\"size-medium wp-image-20421 alignright\" src=\"https:\/\/kjk.ee\/wp-content\/uploads\/2022\/07\/kolmapaevak-29-300x200.jpg\" alt=\"\" width=\"300\" height=\"200\" srcset=\"https:\/\/kjk.ee\/wp-content\/uploads\/2022\/07\/kolmapaevak-29-300x200.jpg 300w, https:\/\/kjk.ee\/wp-content\/uploads\/2022\/07\/kolmapaevak-29-1024x683.jpg 1024w, https:\/\/kjk.ee\/wp-content\/uploads\/2022\/07\/kolmapaevak-29-768x512.jpg 768w, https:\/\/kjk.ee\/wp-content\/uploads\/2022\/07\/kolmapaevak-29-1536x1024.jpg 1536w, https:\/\/kjk.ee\/wp-content\/uploads\/2022\/07\/kolmapaevak-29-83x55.jpg 83w, https:\/\/kjk.ee\/wp-content\/uploads\/2022\/07\/kolmapaevak-29-72x48.jpg 72w, https:\/\/kjk.ee\/wp-content\/uploads\/2022\/07\/kolmapaevak-29-147x98.jpg 147w, https:\/\/kjk.ee\/wp-content\/uploads\/2022\/07\/kolmapaevak-29.jpg 2048w\" sizes=\"(max-width: 300px) 100vw, 300px\" \/><\/a>10. AMSERV \u2013 KJK Kolmap\u00e4evaregati v\u00f5itjad:<\/strong><\/em><\/p>\n<p>ORC I grupp<\/p>\n<p>1.koht jaht FORTE kapten Jaak J\u00f5gi<\/p>\n<p>2.koht jaht MATILDA 4 kapte Juss Ojala<\/p>\n<p>3.koht jaht WIZARD kapten Dmitry Krasilnikov<\/p>\n<p><a href=\"https:\/\/kjk.ee\/wp-content\/uploads\/2022\/07\/kolmapaevak-30.jpg\"><img loading=\"lazy\" class=\"size-medium wp-image-20420 alignleft\" src=\"https:\/\/kjk.ee\/wp-content\/uploads\/2022\/07\/kolmapaevak-30-300x225.jpg\" alt=\"\" width=\"300\" height=\"225\" srcset=\"https:\/\/kjk.ee\/wp-content\/uploads\/2022\/07\/kolmapaevak-30-300x225.jpg 300w, https:\/\/kjk.ee\/wp-content\/uploads\/2022\/07\/kolmapaevak-30-1024x768.jpg 1024w, https:\/\/kjk.ee\/wp-content\/uploads\/2022\/07\/kolmapaevak-30-768x576.jpg 768w, https:\/\/kjk.ee\/wp-content\/uploads\/2022\/07\/kolmapaevak-30-1536x1152.jpg 1536w, https:\/\/kjk.ee\/wp-content\/uploads\/2022\/07\/kolmapaevak-30-73x55.jpg 73w, https:\/\/kjk.ee\/wp-content\/uploads\/2022\/07\/kolmapaevak-30-100x75.jpg 100w, https:\/\/kjk.ee\/wp-content\/uploads\/2022\/07\/kolmapaevak-30-200x150.jpg 200w, https:\/\/kjk.ee\/wp-content\/uploads\/2022\/07\/kolmapaevak-30-64x48.jpg 64w, https:\/\/kjk.ee\/wp-content\/uploads\/2022\/07\/kolmapaevak-30-131x98.jpg 131w, https:\/\/kjk.ee\/wp-content\/uploads\/2022\/07\/kolmapaevak-30.jpg 2048w\" sizes=\"(max-width: 300px) 100vw, 300px\" \/><\/a>ORC II grupp<\/p>\n<p>1.koht jaht BRIGITTA-X kapten\u00a0<a class=\"ng-binding\">Aleksandr Karboinov\u00a0<\/a><\/p>\n<p>2.koht\u00a0 jaht MY CAR kapten Tauno T\u00f5nus<\/p>\n<p>3.koht jaht CHERIE kapten Ivar Aru<\/p>\n<p><a href=\"https:\/\/kjk.ee\/wp-content\/uploads\/2022\/07\/kolmapaevak-31.jpg\"><img loading=\"lazy\" class=\"size-medium wp-image-20419 alignright\" src=\"https:\/\/kjk.ee\/wp-content\/uploads\/2022\/07\/kolmapaevak-31-300x200.jpg\" alt=\"\" width=\"300\" height=\"200\" srcset=\"https:\/\/kjk.ee\/wp-content\/uploads\/2022\/07\/kolmapaevak-31-300x200.jpg 300w, https:\/\/kjk.ee\/wp-content\/uploads\/2022\/07\/kolmapaevak-31-1024x683.jpg 1024w, https:\/\/kjk.ee\/wp-content\/uploads\/2022\/07\/kolmapaevak-31-768x512.jpg 768w, https:\/\/kjk.ee\/wp-content\/uploads\/2022\/07\/kolmapaevak-31-1536x1024.jpg 1536w, https:\/\/kjk.ee\/wp-content\/uploads\/2022\/07\/kolmapaevak-31-83x55.jpg 83w, https:\/\/kjk.ee\/wp-content\/uploads\/2022\/07\/kolmapaevak-31-72x48.jpg 72w, https:\/\/kjk.ee\/wp-content\/uploads\/2022\/07\/kolmapaevak-31-147x98.jpg 147w, https:\/\/kjk.ee\/wp-content\/uploads\/2022\/07\/kolmapaevak-31.jpg 2048w\" sizes=\"(max-width: 300px) 100vw, 300px\" \/><\/a>ORC III grupp<\/p>\n<p>1.koht jaht SEABIRD kapten Toivo Roosma<\/p>\n<p>2.koht jaht NEW DEAL kapten Mallar Prandi<\/p>\n<p>3.koht jaht PLANEER kapten Olari Karlson<\/p>\n<p>ORC IV grupp<\/p>\n<p>1.koht jaht FAROZON kapten Neeme K\u00fclm<\/p>\n<p>2.koht jaht LAGLE III kapten \u00dclari Velviste<\/p>\n<p>3.koht jaht VESILEENU kapten Imre Marmor<\/p>\n<p><a href=\"https:\/\/kjk.ee\/wp-content\/uploads\/2022\/07\/kolmapaevak-33.jpg\"><img loading=\"lazy\" class=\"size-medium wp-image-20417 alignleft\" src=\"https:\/\/kjk.ee\/wp-content\/uploads\/2022\/07\/kolmapaevak-33-300x200.jpg\" alt=\"\" width=\"300\" height=\"200\" srcset=\"https:\/\/kjk.ee\/wp-content\/uploads\/2022\/07\/kolmapaevak-33-300x200.jpg 300w, https:\/\/kjk.ee\/wp-content\/uploads\/2022\/07\/kolmapaevak-33-1024x683.jpg 1024w, https:\/\/kjk.ee\/wp-content\/uploads\/2022\/07\/kolmapaevak-33-768x512.jpg 768w, https:\/\/kjk.ee\/wp-content\/uploads\/2022\/07\/kolmapaevak-33-1536x1024.jpg 1536w, https:\/\/kjk.ee\/wp-content\/uploads\/2022\/07\/kolmapaevak-33-83x55.jpg 83w, https:\/\/kjk.ee\/wp-content\/uploads\/2022\/07\/kolmapaevak-33-72x48.jpg 72w, https:\/\/kjk.ee\/wp-content\/uploads\/2022\/07\/kolmapaevak-33-147x98.jpg 147w, https:\/\/kjk.ee\/wp-content\/uploads\/2022\/07\/kolmapaevak-33.jpg 2048w\" sizes=\"(max-width: 300px) 100vw, 300px\" \/><\/a>DRAAKON<\/p>\n<p>1.koht jaht GUSTL XL kapten Rene Treifeldt<\/p>\n<p>2.koht jaht SPARWEN kapten Aleksei Zigadlo<\/p>\n<p>3.koht jaht DRODZ SAILING ART kapten Ksenija Drozd<\/p>\n<p>FOLKBOOT<\/p>\n<p>1.koht jaht JONNA kapten Mikk K\u00f6\u00f6sel<\/p>\n<p>2.koht jaht TRINE kapten T\u00f5nis Piirsalu<\/p>\n<p>3.koht jaht FILUR kapten Liise K\u00f6\u00f6sel<a href=\"https:\/\/kjk.ee\/wp-content\/uploads\/2022\/07\/kolmapaevak-32.jpg\"><img loading=\"lazy\" class=\"size-medium wp-image-20418 alignright\" src=\"https:\/\/kjk.ee\/wp-content\/uploads\/2022\/07\/kolmapaevak-32-300x200.jpg\" alt=\"\" width=\"300\" height=\"200\" srcset=\"https:\/\/kjk.ee\/wp-content\/uploads\/2022\/07\/kolmapaevak-32-300x200.jpg 300w, https:\/\/kjk.ee\/wp-content\/uploads\/2022\/07\/kolmapaevak-32-1024x683.jpg 1024w, https:\/\/kjk.ee\/wp-content\/uploads\/2022\/07\/kolmapaevak-32-768x512.jpg 768w, https:\/\/kjk.ee\/wp-content\/uploads\/2022\/07\/kolmapaevak-32-1536x1024.jpg 1536w, https:\/\/kjk.ee\/wp-content\/uploads\/2022\/07\/kolmapaevak-32-83x55.jpg 83w, https:\/\/kjk.ee\/wp-content\/uploads\/2022\/07\/kolmapaevak-32-72x48.jpg 72w, https:\/\/kjk.ee\/wp-content\/uploads\/2022\/07\/kolmapaevak-32-147x98.jpg 147w, https:\/\/kjk.ee\/wp-content\/uploads\/2022\/07\/kolmapaevak-32.jpg 2048w\" sizes=\"(max-width: 300px) 100vw, 300px\" \/><\/a><\/p>\n<p><a href=\"https:\/\/www.facebook.com\/media\/set\/?vanity=Kalevi.Jahtklubi&#038;set=a.6072733486076642\"><strong>Pildid KJK Facebooki albumist (<\/strong><\/a><strong>fotod Tiit Aunaste)<\/strong><a href=\"https:\/\/www.facebook.com\/media\/set\/?vanity=Kalevi.Jahtklubi&#038;set=a.5992296057453719\"><strong>.<\/strong><\/a><\/p>\n<p>Samuti sooviksime selgitada Kolmap\u00e4evakute hooaja \u00fcldarvestuse valemit. Oleme saanud hulganisti k\u00fcsimusi selle aasta hooaja arvestuse kohta. Ja kuna k\u00f5ik on ju enne hooaja algust <a href=\"https:\/\/www.manage2sail.com\/en-US\/event\/23e18940-4b7c-4ba5-98a3-2de6c83eb0bb#!\/onb?tab=documents&#038;classId=6a409033-dce0-423b-be6a-08c76751c1ad\">V\u00d5ISTLUSTEATE ehk NORiga<\/a> tutvunud, siis on siin vaja vaid \u00fcle r\u00e4\u00e4kida juba tutvust tehtud materjaliga. Alates sellest hooajast me soovime tunnustada ja hinnata jahte ning meeskondi, kes tulevad stardiliinile alates maikuust kuni oktoobrini igal kolmap\u00e4eval! Hooaja arvestuses l\u00f5puks viskame maha 3 s\u00f5itu, millal t\u00f5esti oli vaja kogu meeskonnal minna pulma, kartuleid rohima v\u00f5i lapse esimeseks koolip\u00e4evaks kodus olemas olla. Ehk siis, see jaht, kes tuleb igal kolmap\u00e4eval v\u00e4lja ja s\u00f5idab v\u00e4lja iga kord auv\u00e4\u00e4rse viimase koha, on hooajaarvestuses ikkagi v\u00f5idus selle jahi ees, kes \u00fcle kolme n\u00e4dala starti ilmub, v\u00f5tab esikoha ning siis j\u00e4rgmisteks n\u00e4dalateks j\u00e4lle loorberitele puhkama j\u00e4\u00e4b.<\/p>\n<p><a href=\"https:\/\/kjk.ee\/wp-content\/uploads\/2022\/07\/kolmapaevak-27.jpg\"><img loading=\"lazy\" class=\"size-medium wp-image-20423 alignright\" src=\"https:\/\/kjk.ee\/wp-content\/uploads\/2022\/07\/kolmapaevak-27-300x200.jpg\" alt=\"\" width=\"300\" height=\"200\" srcset=\"https:\/\/kjk.ee\/wp-content\/uploads\/2022\/07\/kolmapaevak-27-300x200.jpg 300w, https:\/\/kjk.ee\/wp-content\/uploads\/2022\/07\/kolmapaevak-27-1024x683.jpg 1024w, https:\/\/kjk.ee\/wp-content\/uploads\/2022\/07\/kolmapaevak-27-768x512.jpg 768w, https:\/\/kjk.ee\/wp-content\/uploads\/2022\/07\/kolmapaevak-27-1536x1024.jpg 1536w, https:\/\/kjk.ee\/wp-content\/uploads\/2022\/07\/kolmapaevak-27-83x55.jpg 83w, https:\/\/kjk.ee\/wp-content\/uploads\/2022\/07\/kolmapaevak-27-72x48.jpg 72w, https:\/\/kjk.ee\/wp-content\/uploads\/2022\/07\/kolmapaevak-27-147x98.jpg 147w, https:\/\/kjk.ee\/wp-content\/uploads\/2022\/07\/kolmapaevak-27.jpg 2048w\" sizes=\"(max-width: 300px) 100vw, 300px\" \/><\/a><\/p>\n","protected":false},"excerpt":{"rendered":"<p>Juulikuu viimane Amserv Kolmap\u00e4evak s\u00f5ideti stardis \u00fcsna tugevas pilvealuses tuules, mis \u00f5htu m\u00f6\u00f6dudes tuure aga maha v\u00f5ttis ning ka p\u00e4ikesel korra pilve tagant v\u00e4lja paista lubas. Kokku oli stardiliinil oma grupi s\u00f5iduv\u00f5itu jahtimas 43 alust ning pikalt puhanud purjetajad said seekord teha suurema ringi, kus vastutuule-allatuule rada sai ilusti navigatsioonim\u00e4rkide vahele v\u00e4lja joonistatud. Keskmine s\u00f5iduaeg tuli pea tunni v\u00f5rra pikem<a class=\"more-link\" href=\"https:\/\/kjk.ee\/en\/amserv-kolmapaevak-naases-vaikeselt-puhkuselt-ideaalse-purjetamise-ilmaga\/\">[Read More&#8230;]<\/a><\/p>\n","protected":false},"author":24,"featured_media":20412,"comment_status":"closed","ping_status":"closed","sticky":false,"template":"","format":"standard","meta":{"spay_email":"","jetpack_publicize_message":""},"categories":[167],"tags":[],"jetpack_featured_media_url":"https:\/\/kjk.ee\/wp-content\/uploads\/2022\/07\/295352905_6072720656077925_3903614262753515015_n.jpg","jetpack_publicize_connections":[],"jetpack_sharing_enabled":true,"jetpack_shortlink":"https:\/\/wp.me\/paW3M4-5jd","_links":{"self":[{"href":"https:\/\/kjk.ee\/en\/wp-json\/wp\/v2\/posts\/20411"}],"collection":[{"href":"https:\/\/kjk.ee\/en\/wp-json\/wp\/v2\/posts"}],"about":[{"href":"https:\/\/kjk.ee\/en\/wp-json\/wp\/v2\/types\/post"}],"author":[{"embeddable":true,"href":"https:\/\/kjk.ee\/en\/wp-json\/wp\/v2\/users\/24"}],"replies":[{"embeddable":true,"href":"https:\/\/kjk.ee\/en\/wp-json\/wp\/v2\/comments?post=20411"}],"version-history":[{"count":15,"href":"https:\/\/kjk.ee\/en\/wp-json\/wp\/v2\/posts\/20411\/revisions"}],"predecessor-version":[{"id":32098,"href":"https:\/\/kjk.ee\/en\/wp-json\/wp\/v2\/posts\/20411\/revisions\/32098"}],"wp:featuredmedia":[{"embeddable":true,"href":"https:\/\/kjk.ee\/en\/wp-json\/wp\/v2\/media\/20412"}],"wp:attachment":[{"href":"https:\/\/kjk.ee\/en\/wp-json\/wp\/v2\/media?parent=20411"}],"wp:term":[{"taxonomy":"category","embeddable":true,"href":"https:\/\/kjk.ee\/en\/wp-json\/wp\/v2\/categories?post=20411"},{"taxonomy":"post_tag","embeddable":true,"href":"https:\/\/kjk.ee\/en\/wp-json\/wp\/v2\/tags?post=20411"}],"curies":[{"name":"wp","href":"https:\/\/api.w.org\/{rel}","templated":true}]}}