{"id":24758,"date":"2023-09-22T15:09:25","date_gmt":"2023-09-22T12:09:25","guid":{"rendered":"https:\/\/kjk.ee\/?p=24758"},"modified":"2023-09-22T16:31:02","modified_gmt":"2023-09-22T13:31:02","slug":"in-memoriam-margus-kastehein","status":"publish","type":"post","link":"https:\/\/kjk.ee\/en\/in-memoriam-margus-kastehein\/","title":{"rendered":"In Memoriam  Margus Kastehein"},"content":{"rendered":"<div id=\"attachment_24759\" style=\"width: 246px\" class=\"wp-caption alignleft\"><a href=\"https:\/\/kjk.ee\/wp-content\/uploads\/2023\/09\/Kastekas.jpg\"><img aria-describedby=\"caption-attachment-24759\" loading=\"lazy\" class=\"wp-image-24759 size-medium\" src=\"https:\/\/kjk.ee\/wp-content\/uploads\/2023\/09\/Kastekas-236x300.jpg\" alt=\"\" width=\"236\" height=\"300\" srcset=\"https:\/\/kjk.ee\/wp-content\/uploads\/2023\/09\/Kastekas-236x300.jpg 236w, https:\/\/kjk.ee\/wp-content\/uploads\/2023\/09\/Kastekas-806x1024.jpg 806w, https:\/\/kjk.ee\/wp-content\/uploads\/2023\/09\/Kastekas-768x976.jpg 768w, https:\/\/kjk.ee\/wp-content\/uploads\/2023\/09\/Kastekas-43x55.jpg 43w, https:\/\/kjk.ee\/wp-content\/uploads\/2023\/09\/Kastekas-38x48.jpg 38w, https:\/\/kjk.ee\/wp-content\/uploads\/2023\/09\/Kastekas-77x98.jpg 77w, https:\/\/kjk.ee\/wp-content\/uploads\/2023\/09\/Kastekas.jpg 1074w\" sizes=\"(max-width: 236px) 100vw, 236px\" \/><\/a><p id=\"caption-attachment-24759\" class=\"wp-caption-text\">Margus Kastehein, foto: Aivar Kullamaa<\/p><\/div>\n<p>Eile, 21. septembril lahkus taevastele meredele Kalevi Jahtklubi liige, jahtlaev Lennuk kolmas t\u00fc\u00fcrimees, jahtlaev LadyBird soodimees, usaldusv\u00e4\u00e4rne meeskonnaliige, s\u00f5ber ja kamraad Margus Kastehein.<\/p>\n<p>Kalevi Jahtklubi veteran- ja klubiliikmed on toonud v\u00e4lja j\u00e4rgmisi m\u00f5tisklusi ja j\u00e4relh\u00fc\u00fcdeid ning oleme iga kirjutajaga samal lainel:<\/p>\n<p>Mart Saarso: \u201eT\u00e4na hommikul kell 6 LT lahkus meie hulgast tubli purjetaja Margus Kastehein, kes oli minu elukestvalt parim s\u00f5ber ja jahtlaeva LENNUK kolmas t\u00fc\u00fcrimees. Margus oli perfektsionist ja sel p\u00f5hjusel t\u00f5steti ta LENNUKi reisil enne igat \u00fcles\u00f5itu masti toppi ja siis sentimeeter haaval allapoole, et ta k\u00f5ik \u00fcle kontrolliks. Ma usaldasin teda rohkem, kui iseennast. Oli v\u00e4\u00e4rt mees!\u201c<\/p>\n<p>Tiit Pruuli: \u00b4&#8221;Kui palju oleme Sinuga siinseid meresid koos s\u00f5itnud! Poolteist aastat \u00fches kajutis elanud. \u00d6istes roolivahtides lobisenud ja unistanud. Toetanud teineteist tormis ja maapealkseski rajus. Ja n\u00fc\u00fcd, Kastekas, kui seisame ka teine teisel kaldal, siis tegelikult on seljad igavesti vastastikku koos. Nagu omal ajal Valparsisos.&#8221;<\/p>\n<div id=\"attachment_24760\" style=\"width: 310px\" class=\"wp-caption alignright\"><a href=\"https:\/\/kjk.ee\/wp-content\/uploads\/2023\/09\/Jahtlaev-Lennuk.jpg\"><img aria-describedby=\"caption-attachment-24760\" loading=\"lazy\" class=\"wp-image-24760 size-medium\" src=\"https:\/\/kjk.ee\/wp-content\/uploads\/2023\/09\/Jahtlaev-Lennuk-300x225.jpg\" alt=\"\" width=\"300\" height=\"225\" srcset=\"https:\/\/kjk.ee\/wp-content\/uploads\/2023\/09\/Jahtlaev-Lennuk-300x225.jpg 300w, https:\/\/kjk.ee\/wp-content\/uploads\/2023\/09\/Jahtlaev-Lennuk-1024x768.jpg 1024w, https:\/\/kjk.ee\/wp-content\/uploads\/2023\/09\/Jahtlaev-Lennuk-768x576.jpg 768w, https:\/\/kjk.ee\/wp-content\/uploads\/2023\/09\/Jahtlaev-Lennuk-1536x1152.jpg 1536w, https:\/\/kjk.ee\/wp-content\/uploads\/2023\/09\/Jahtlaev-Lennuk-73x55.jpg 73w, https:\/\/kjk.ee\/wp-content\/uploads\/2023\/09\/Jahtlaev-Lennuk-100x75.jpg 100w, https:\/\/kjk.ee\/wp-content\/uploads\/2023\/09\/Jahtlaev-Lennuk-200x150.jpg 200w, https:\/\/kjk.ee\/wp-content\/uploads\/2023\/09\/Jahtlaev-Lennuk-64x48.jpg 64w, https:\/\/kjk.ee\/wp-content\/uploads\/2023\/09\/Jahtlaev-Lennuk-131x98.jpg 131w, https:\/\/kjk.ee\/wp-content\/uploads\/2023\/09\/Jahtlaev-Lennuk.jpg 2048w\" sizes=\"(max-width: 300px) 100vw, 300px\" \/><\/a><p id=\"caption-attachment-24760\" class=\"wp-caption-text\">Jahtlaev Lennuk meeskond<\/p><\/div>\n<p>Jaanus N\u00f5gisto: &#8220;Tunnen irratsionaalset s\u00fc\u00fctunnet, et j\u00e4tsin talle \u00fctlemata kui t\u00e4htis tema olemasolu on. Ja mitte ainult laevas. Ma oleks kaotanud nagu venna. On nii kuradi kurb.&#8221;<\/p>\n<p>Erik-Niiles Kross: \u201cSul oli meie s\u00f5prade seas see ju lapsest saadik teravalt selge, kuidas on \u00f5ige, stiilne, p\u00f5him\u00f5ttekindel, aga ikkagi nii, et j\u00e4\u00e4b hea tunne ja p\u00e4rast tuleb naer peale.&#8221;<\/p>\n<p>Klubikommete kohaselt langetasime klubilipu poolde masti kuni matusep\u00e4evani, mil saadame s\u00f5bra kellakongide saatel teele.<\/p>\n<p>Avaldame kaastunnet k\u00f5ikidele l\u00e4hedastele ja s\u00f5pradele.<\/p>\n<p><strong><em>In Memoriam <\/em><\/strong><br \/>\n<strong>Margus Kastehein<\/strong><br \/>\n<strong>09.02.1964 &#8211; 21.09.2023<\/strong><\/p>\n","protected":false},"excerpt":{"rendered":"<p>Eile, 21. septembril lahkus taevastele meredele Kalevi Jahtklubi liige, jahtlaev Lennuk kolmas t\u00fc\u00fcrimees, jahtlaev LadyBird soodimees, usaldusv\u00e4\u00e4rne meeskonnaliige, s\u00f5ber ja kamraad Margus Kastehein. Kalevi Jahtklubi veteran- ja klubiliikmed on toonud v\u00e4lja j\u00e4rgmisi m\u00f5tisklusi ja j\u00e4relh\u00fc\u00fcdeid ning oleme iga kirjutajaga samal lainel: Mart Saarso: \u201eT\u00e4na hommikul kell 6 LT lahkus meie hulgast tubli purjetaja Margus Kastehein, kes oli minu elukestvalt parim<a class=\"more-link\" href=\"https:\/\/kjk.ee\/en\/in-memoriam-margus-kastehein\/\">[Read More&#8230;]<\/a><\/p>\n","protected":false},"author":24,"featured_media":24768,"comment_status":"closed","ping_status":"closed","sticky":false,"template":"","format":"standard","meta":{"spay_email":"","jetpack_publicize_message":""},"categories":[167],"tags":[],"jetpack_featured_media_url":"https:\/\/kjk.ee\/wp-content\/uploads\/2023\/09\/kastekas-land2.jpg","jetpack_publicize_connections":[],"jetpack_sharing_enabled":true,"jetpack_shortlink":"https:\/\/wp.me\/paW3M4-6rk","_links":{"self":[{"href":"https:\/\/kjk.ee\/en\/wp-json\/wp\/v2\/posts\/24758"}],"collection":[{"href":"https:\/\/kjk.ee\/en\/wp-json\/wp\/v2\/posts"}],"about":[{"href":"https:\/\/kjk.ee\/en\/wp-json\/wp\/v2\/types\/post"}],"author":[{"embeddable":true,"href":"https:\/\/kjk.ee\/en\/wp-json\/wp\/v2\/users\/24"}],"replies":[{"embeddable":true,"href":"https:\/\/kjk.ee\/en\/wp-json\/wp\/v2\/comments?post=24758"}],"version-history":[{"count":6,"href":"https:\/\/kjk.ee\/en\/wp-json\/wp\/v2\/posts\/24758\/revisions"}],"predecessor-version":[{"id":25619,"href":"https:\/\/kjk.ee\/en\/wp-json\/wp\/v2\/posts\/24758\/revisions\/25619"}],"wp:featuredmedia":[{"embeddable":true,"href":"https:\/\/kjk.ee\/en\/wp-json\/wp\/v2\/media\/24768"}],"wp:attachment":[{"href":"https:\/\/kjk.ee\/en\/wp-json\/wp\/v2\/media?parent=24758"}],"wp:term":[{"taxonomy":"category","embeddable":true,"href":"https:\/\/kjk.ee\/en\/wp-json\/wp\/v2\/categories?post=24758"},{"taxonomy":"post_tag","embeddable":true,"href":"https:\/\/kjk.ee\/en\/wp-json\/wp\/v2\/tags?post=24758"}],"curies":[{"name":"wp","href":"https:\/\/api.w.org\/{rel}","templated":true}]}}