{"id":24827,"date":"2023-09-27T10:50:25","date_gmt":"2023-09-27T07:50:25","guid":{"rendered":"https:\/\/kjk.ee\/?p=24827"},"modified":"2023-09-27T10:58:44","modified_gmt":"2023-09-27T07:58:44","slug":"prugikonteiner-kjk-sadamas","status":"publish","type":"post","link":"https:\/\/kjk.ee\/en\/prugikonteiner-kjk-sadamas\/","title":{"rendered":"PR\u00dcGIKONTEINER KJK SADAMAS"},"content":{"rendered":"<p><strong><a href=\"https:\/\/kjk.ee\/wp-content\/uploads\/2023\/09\/prugikonteiner.jpg\"><img loading=\"lazy\" class=\"size-medium wp-image-24828 alignright\" src=\"https:\/\/kjk.ee\/wp-content\/uploads\/2023\/09\/prugikonteiner-288x300.jpg\" alt=\"\" width=\"288\" height=\"300\" srcset=\"https:\/\/kjk.ee\/wp-content\/uploads\/2023\/09\/prugikonteiner-288x300.jpg 288w, https:\/\/kjk.ee\/wp-content\/uploads\/2023\/09\/prugikonteiner-982x1024.jpg 982w, https:\/\/kjk.ee\/wp-content\/uploads\/2023\/09\/prugikonteiner-768x801.jpg 768w, https:\/\/kjk.ee\/wp-content\/uploads\/2023\/09\/prugikonteiner-1473x1536.jpg 1473w, https:\/\/kjk.ee\/wp-content\/uploads\/2023\/09\/prugikonteiner-53x55.jpg 53w, https:\/\/kjk.ee\/wp-content\/uploads\/2023\/09\/prugikonteiner-46x48.jpg 46w, https:\/\/kjk.ee\/wp-content\/uploads\/2023\/09\/prugikonteiner-94x98.jpg 94w, https:\/\/kjk.ee\/wp-content\/uploads\/2023\/09\/prugikonteiner.jpg 1512w\" sizes=\"(max-width: 288px) 100vw, 288px\" \/><\/a>Austatud klubiliikmed ja RUNDUKITE RENTNIKUD!<\/strong><br \/>\nKuni p\u00fchap\u00e4ev, 9.oktoobrini seisab KJK sadamas kuuride ees rohleine p\u00fcrgikonteiner, kuhu palume k\u00f5igil\u00a0rundikute rentnikel ja klubiliikmetel, kellel on sadamaalal pr\u00fcgi seismas, oma kuurid ja nurgad korda seada. Enne veel kui kevadel lammutamiseks l\u00e4heb ning peate oma asjad vanast hoonest uude \u00fcle kolima, palume <u>k\u00f5igil kriitilise pilguga riiluid ja kuurid\u00a0\u00fcle vaadata<\/u> ning asjad, mis ei ole ammu enam vajalikud olnud, viia utiliseerimisse.<\/p>\n<p><strong>PR\u00dcGIKONTEINERISSE V\u00d5IB VISATA<\/strong><\/p>\n<ul>\n<li>Olmepr\u00fcgi (v\u00e4iksemad ja lendu t\u00f5usvad asjad palun pange pr\u00fcgikottidesse)<\/li>\n<li>Vanad purjed<\/li>\n<li>Vanad ja v\u00e4sinud otsad<\/li>\n<li>Vanad ja v\u00e4sinud vendrid<\/li>\n<li>Puit (ehitusj\u00e4\u00e4tmed)<\/li>\n<\/ul>\n<p>&nbsp;<\/p>\n<p><strong><u>PR\u00dcGIKONTEINERISSE EI TOHI\u00a0VISATA<\/u><\/strong><\/p>\n<ul>\n<li>Kodust ja naabrimehe garaazist toodud asjad ja\/v\u00f5i m\u00f6\u00f6bel!<\/li>\n<li>KLAAS<\/li>\n<li>V\u00c4RVID<\/li>\n<li>\u00d5LID<\/li>\n<li>GAASIBALLOONID<\/li>\n<li>OHTLIKUD J\u00c4\u00c4TMED<\/li>\n<\/ul>\n<p><strong>Ohtlikud j\u00e4\u00e4tmed ja keemia palume viia KJK sadama pr\u00fcgimajja ning ladustada need etten\u00e4htud kohta!<\/strong><\/p>\n<p><strong>Sadamas on eraldi konteinerid ka T\u00dcHJA klaas- ja plasttaara ning paberi ja pappi jaoks!\u00a0<\/strong><\/p>\n","protected":false},"excerpt":{"rendered":"<p>Austatud klubiliikmed ja RUNDUKITE RENTNIKUD! Kuni p\u00fchap\u00e4ev, 9.oktoobrini seisab KJK sadamas kuuride ees rohleine p\u00fcrgikonteiner, kuhu palume k\u00f5igil\u00a0rundikute rentnikel ja klubiliikmetel, kellel on sadamaalal pr\u00fcgi seismas, oma kuurid ja nurgad korda seada. Enne veel kui kevadel lammutamiseks l\u00e4heb ning peate oma asjad vanast hoonest uude \u00fcle kolima, palume k\u00f5igil kriitilise pilguga riiluid ja kuurid\u00a0\u00fcle vaadata ning asjad, mis ei ole<a class=\"more-link\" href=\"https:\/\/kjk.ee\/en\/prugikonteiner-kjk-sadamas\/\">[Read More&#8230;]<\/a><\/p>\n","protected":false},"author":24,"featured_media":24828,"comment_status":"closed","ping_status":"closed","sticky":false,"template":"","format":"standard","meta":{"spay_email":"","jetpack_publicize_message":""},"categories":[167],"tags":[],"jetpack_featured_media_url":"https:\/\/kjk.ee\/wp-content\/uploads\/2023\/09\/prugikonteiner.jpg","jetpack_publicize_connections":[],"jetpack_sharing_enabled":true,"jetpack_shortlink":"https:\/\/wp.me\/paW3M4-6sr","_links":{"self":[{"href":"https:\/\/kjk.ee\/en\/wp-json\/wp\/v2\/posts\/24827"}],"collection":[{"href":"https:\/\/kjk.ee\/en\/wp-json\/wp\/v2\/posts"}],"about":[{"href":"https:\/\/kjk.ee\/en\/wp-json\/wp\/v2\/types\/post"}],"author":[{"embeddable":true,"href":"https:\/\/kjk.ee\/en\/wp-json\/wp\/v2\/users\/24"}],"replies":[{"embeddable":true,"href":"https:\/\/kjk.ee\/en\/wp-json\/wp\/v2\/comments?post=24827"}],"version-history":[{"count":2,"href":"https:\/\/kjk.ee\/en\/wp-json\/wp\/v2\/posts\/24827\/revisions"}],"predecessor-version":[{"id":24830,"href":"https:\/\/kjk.ee\/en\/wp-json\/wp\/v2\/posts\/24827\/revisions\/24830"}],"wp:featuredmedia":[{"embeddable":true,"href":"https:\/\/kjk.ee\/en\/wp-json\/wp\/v2\/media\/24828"}],"wp:attachment":[{"href":"https:\/\/kjk.ee\/en\/wp-json\/wp\/v2\/media?parent=24827"}],"wp:term":[{"taxonomy":"category","embeddable":true,"href":"https:\/\/kjk.ee\/en\/wp-json\/wp\/v2\/categories?post=24827"},{"taxonomy":"post_tag","embeddable":true,"href":"https:\/\/kjk.ee\/en\/wp-json\/wp\/v2\/tags?post=24827"}],"curies":[{"name":"wp","href":"https:\/\/api.w.org\/{rel}","templated":true}]}}