{"id":2607,"date":"2015-07-07T15:50:31","date_gmt":"2015-07-07T15:50:31","guid":{"rendered":"http:\/\/www.kjk.ee\/?p=2607"},"modified":"2015-07-08T07:40:20","modified_gmt":"2015-07-08T07:40:20","slug":"karl-martin-rammo-toi-eestile-rio-olumpiakoha","status":"publish","type":"post","link":"https:\/\/kjk.ee\/en\/karl-martin-rammo-toi-eestile-rio-olumpiakoha\/","title":{"rendered":"Karl-Martin Rammo t\u00f5i Eestile Rio ol\u00fcmpiakoha"},"content":{"rendered":"<p><span style=\"font-family: Verdana, sans-serif;\"><b>Kanadas Kingstonis peetavatel Laser Standard klassi maailmameistriv\u00f5istlustel selgusid eile finaals\u00f5itudeks kuldlaevastikku p\u00e4\u00e4sejad. Kuldgruppi kvalifitseerudes teenis Karl-Martin Rammo \u00fchtlasi Eestile 2016 Rio de Janeiro Ol\u00fcmpiam\u00e4ngude riigikoha.<\/b><\/span><\/p>\n<p><span style=\"font-family: Verdana, sans-serif;\">Eilsed viimased 3 eels\u00f5itu l\u00f5petas Karl-Martin Rammo (ROPK\/TJK) 16., 10. ja 28. tulemusega ning asetus kvalifikatsiooniseeria kokkuv\u00f5ttes 34. kohale. Sellega on meie sportlane p\u00e4\u00e4senud t\u00e4na algavateks finaals\u00f5itudeks tugevaimasse ehk kuldgruppi.<\/span><\/p>\n<p><span style=\"font-family: Verdana, sans-serif;\">MM-il antakse v\u00e4lja 9 Laser Standard klassi riigikohta 2016 Rio de Janeiro ol\u00fcmpiaregatile lisaks neile 23-le, mis jagati v\u00e4lja 2014 septembris toimunud ISAF OM-klasside MM-il. Kuna kuldlaevastikku p\u00e4\u00e4ses juba eelmisel s\u00fcgisel koha k\u00e4tte saanud riikidele lisaks sportlasi 8 riigist, on Rammol praeguseks juba ol\u00fcmpiap\u00e4\u00e4se lunastatud.<\/span><\/p>\n<p>&nbsp;<\/p>\n<p><a href=\"http:\/\/www.kjk.ee\/wp-content\/uploads\/2015\/07\/Rammo-MM-2015-Luka-Bartulovic.png\"><img loading=\"lazy\" class=\"alignnone size-full wp-image-2609\" src=\"http:\/\/www.kjk.ee\/wp-content\/uploads\/2015\/07\/Rammo-MM-2015-Luka-Bartulovic.png\" alt=\"Rammo-MM-2015-Luka-Bartulovic\" width=\"853\" height=\"567\" srcset=\"https:\/\/kjk.ee\/wp-content\/uploads\/2015\/07\/Rammo-MM-2015-Luka-Bartulovic.png 853w, https:\/\/kjk.ee\/wp-content\/uploads\/2015\/07\/Rammo-MM-2015-Luka-Bartulovic-300x200.png 300w, https:\/\/kjk.ee\/wp-content\/uploads\/2015\/07\/Rammo-MM-2015-Luka-Bartulovic-82x55.png 82w, https:\/\/kjk.ee\/wp-content\/uploads\/2015\/07\/Rammo-MM-2015-Luka-Bartulovic-72x48.png 72w, https:\/\/kjk.ee\/wp-content\/uploads\/2015\/07\/Rammo-MM-2015-Luka-Bartulovic-147x98.png 147w\" sizes=\"(max-width: 853px) 100vw, 853px\" \/><\/a><\/p>\n<p><em>Karl-Martin Rammo MM-il.\u00a0\u00a0\u00a0\u00a0\u00a0\u00a0 Foto: Luka Bartulovic<\/em><\/p>\n<p><span style=\"color: #000000;\">\u201e<\/span><span style=\"color: #000000;\"><span style=\"font-family: Verdana, sans-serif;\">Saavutasin \u00fche suure eesm\u00e4rgi \u2013 ol\u00fcmpianorm sai kuldfliiti kvalifitseerudes t\u00e4idetud.<br \/>\nP\u00fchap\u00e4evase p\u00e4eva kohta \u00fctleks nii, et j\u00e4rv on ikka j\u00e4rv, olgu ta kui suur tahes. Esimeses s\u00f5idus rikkusin stardis kaasv\u00f5istleja vastu reegleid ja pidin karistusringe tegema. S\u00f5itsin viimaselt kohalt tagasi k\u00fcmnendaks, et viimases m\u00e4rgis kollane lipp saada, veel karistusringe teha ja 16ndana fini\u0161eerida. Teises s\u00f5idus suutsin ilma suuremate viperusteta 10ndaks s\u00f5ita, kuid kolmandas s\u00f5idus j\u00f5udis see n\u00e4iliselt k\u00f5iki v\u00e4hemal v\u00f5i rohkemal m\u00e4\u00e4ral puudutanud eba\u00f5nn ka minuni. Hea stardi j\u00e4rel said k\u00f5ik, kelle start \u00f5nnestus ja kes ei pidanud paremale vaba tuult otsima minema, p\u00f6\u00f6rdega vastu p\u00fckse, suisa nii palju, et enam eesolijaid p\u00fc\u00fcda ei \u00f5nnestunud. Fini\u0161is olin 28-s. Kokkuv\u00f5ttes olen praegu 34ndal kohal, kuldfliidis ja ol\u00fcmpianormi t\u00e4itnuna on suurem pinge n\u00fc\u00fcd maas, saan l\u00f5puks hakata eesm\u00e4rgi suunas purjetama ja loodetavasti hea tulemuse teha,\u201c r\u00f5\u00f5mustas Rammo.<\/span><\/span><\/p>\n<p><span style=\"font-family: Verdana, sans-serif;\">Liidriks on sakslane Philipp Buhli britt Nick Thompsoni ja Guatemala purjetaja Juan Ignacio Maegli ees.<\/span><\/p>\n<p><span style=\"font-family: Verdana, sans-serif;\">T\u00e4na j\u00e4tkatakse v\u00f5istlemist MM-i finaals\u00f5itudes kuld-, h\u00f5be- ja pronksgrupina. Regatt l\u00f5ppeb kolmap\u00e4eval, 8. juulil.<\/span><\/p>\n<p><span style=\"color: #000000;\"><span style=\"font-family: Verdana, sans-serif;\">Regati kodulehek\u00fclg ja tulemused: <\/span><\/span><span style=\"color: #000080;\"><span style=\"text-decoration: underline;\"><a href=\"http:\/\/kingstonlaserworlds2015.com\/\"><span style=\"font-family: Verdana, sans-serif;\">http:\/\/kingstonlaserworlds2015.com\/<\/span><\/a><\/span><\/span><\/p>\n","protected":false},"excerpt":{"rendered":"<p>Kanadas Kingstonis peetavatel Laser Standard klassi maailmameistriv\u00f5istlustel selgusid eile finaals\u00f5itudeks kuldlaevastikku p\u00e4\u00e4sejad. Kuldgruppi kvalifitseerudes teenis Karl-Martin Rammo \u00fchtlasi Eestile 2016 Rio de Janeiro Ol\u00fcmpiam\u00e4ngude riigikoha. Eilsed viimased 3 eels\u00f5itu l\u00f5petas Karl-Martin Rammo (ROPK\/TJK) 16., 10. ja 28. tulemusega ning asetus kvalifikatsiooniseeria kokkuv\u00f5ttes 34. kohale. Sellega on meie sportlane p\u00e4\u00e4senud t\u00e4na algavateks finaals\u00f5itudeks tugevaimasse ehk kuldgruppi. MM-il antakse v\u00e4lja 9 Laser<a class=\"more-link\" href=\"https:\/\/kjk.ee\/en\/karl-martin-rammo-toi-eestile-rio-olumpiakoha\/\">[Read More&#8230;]<\/a><\/p>\n","protected":false},"author":24,"featured_media":2608,"comment_status":"open","ping_status":"open","sticky":false,"template":"","format":"standard","meta":{"spay_email":"","jetpack_publicize_message":""},"categories":[1],"tags":[],"jetpack_featured_media_url":"https:\/\/kjk.ee\/wp-content\/uploads\/2015\/07\/Rammo-MM-2015-Luka-Bartulovic_1.png","jetpack_publicize_connections":[],"jetpack_sharing_enabled":true,"jetpack_shortlink":"https:\/\/wp.me\/paW3M4-G3","_links":{"self":[{"href":"https:\/\/kjk.ee\/en\/wp-json\/wp\/v2\/posts\/2607"}],"collection":[{"href":"https:\/\/kjk.ee\/en\/wp-json\/wp\/v2\/posts"}],"about":[{"href":"https:\/\/kjk.ee\/en\/wp-json\/wp\/v2\/types\/post"}],"author":[{"embeddable":true,"href":"https:\/\/kjk.ee\/en\/wp-json\/wp\/v2\/users\/24"}],"replies":[{"embeddable":true,"href":"https:\/\/kjk.ee\/en\/wp-json\/wp\/v2\/comments?post=2607"}],"version-history":[{"count":2,"href":"https:\/\/kjk.ee\/en\/wp-json\/wp\/v2\/posts\/2607\/revisions"}],"predecessor-version":[{"id":2611,"href":"https:\/\/kjk.ee\/en\/wp-json\/wp\/v2\/posts\/2607\/revisions\/2611"}],"wp:featuredmedia":[{"embeddable":true,"href":"https:\/\/kjk.ee\/en\/wp-json\/wp\/v2\/media\/2608"}],"wp:attachment":[{"href":"https:\/\/kjk.ee\/en\/wp-json\/wp\/v2\/media?parent=2607"}],"wp:term":[{"taxonomy":"category","embeddable":true,"href":"https:\/\/kjk.ee\/en\/wp-json\/wp\/v2\/categories?post=2607"},{"taxonomy":"post_tag","embeddable":true,"href":"https:\/\/kjk.ee\/en\/wp-json\/wp\/v2\/tags?post=2607"}],"curies":[{"name":"wp","href":"https:\/\/api.w.org\/{rel}","templated":true}]}}