{"id":2660,"date":"2015-07-09T07:53:42","date_gmt":"2015-07-09T07:53:42","guid":{"rendered":"http:\/\/www.kjk.ee\/?p=2660"},"modified":"2015-07-09T07:54:38","modified_gmt":"2015-07-09T07:54:38","slug":"uleskutse-koikidele-jahiomanikele-ja-kaptenitele","status":"publish","type":"post","link":"https:\/\/kjk.ee\/en\/uleskutse-koikidele-jahiomanikele-ja-kaptenitele\/","title":{"rendered":"\u00dcleskutse k\u00f5ikidele jahiomanikele ja kaptenitele!"},"content":{"rendered":"<p><a href=\"http:\/\/www.kjk.ee\/wp-content\/uploads\/2015\/07\/Muhu-V\u00e4ina-Regatt-2015-Muhu-V\u00e4ina-Eskaadris\u00f5idu-FB-b\u00e4nner-750x750px.jpg\"><img loading=\"lazy\" class=\"alignnone size-full wp-image-2661\" src=\"http:\/\/www.kjk.ee\/wp-content\/uploads\/2015\/07\/Muhu-V\u00e4ina-Regatt-2015-Muhu-V\u00e4ina-Eskaadris\u00f5idu-FB-b\u00e4nner-750x750px.jpg\" alt=\"Muhu-V\u00e4ina-Regatt-2015--Muhu-V\u00e4ina-Eskaadris\u00f5idu-FB-b\u00e4nner-750x750px\" width=\"750\" height=\"750\" srcset=\"https:\/\/kjk.ee\/wp-content\/uploads\/2015\/07\/Muhu-V\u00e4ina-Regatt-2015-Muhu-V\u00e4ina-Eskaadris\u00f5idu-FB-b\u00e4nner-750x750px.jpg 750w, https:\/\/kjk.ee\/wp-content\/uploads\/2015\/07\/Muhu-V\u00e4ina-Regatt-2015-Muhu-V\u00e4ina-Eskaadris\u00f5idu-FB-b\u00e4nner-750x750px-150x150.jpg 150w, https:\/\/kjk.ee\/wp-content\/uploads\/2015\/07\/Muhu-V\u00e4ina-Regatt-2015-Muhu-V\u00e4ina-Eskaadris\u00f5idu-FB-b\u00e4nner-750x750px-300x300.jpg 300w, https:\/\/kjk.ee\/wp-content\/uploads\/2015\/07\/Muhu-V\u00e4ina-Regatt-2015-Muhu-V\u00e4ina-Eskaadris\u00f5idu-FB-b\u00e4nner-750x750px-55x55.jpg 55w, https:\/\/kjk.ee\/wp-content\/uploads\/2015\/07\/Muhu-V\u00e4ina-Regatt-2015-Muhu-V\u00e4ina-Eskaadris\u00f5idu-FB-b\u00e4nner-750x750px-75x75.jpg 75w, https:\/\/kjk.ee\/wp-content\/uploads\/2015\/07\/Muhu-V\u00e4ina-Regatt-2015-Muhu-V\u00e4ina-Eskaadris\u00f5idu-FB-b\u00e4nner-750x750px-48x48.jpg 48w, https:\/\/kjk.ee\/wp-content\/uploads\/2015\/07\/Muhu-V\u00e4ina-Regatt-2015-Muhu-V\u00e4ina-Eskaadris\u00f5idu-FB-b\u00e4nner-750x750px-97x98.jpg 97w\" sizes=\"(max-width: 750px) 100vw, 750px\" \/><\/a><\/p>\n<p>Lisainfo: Muhu V\u00e4ina regati esimene sadam on Lennusadam ja seal on ka kohustus viibida alates 18. juulist \u00a0kuni regati stardini. Vajadusel saab aluseid paigutada ka \u00a0k\u00f5rvalasuvasse Noblessneri sadamasse.<\/p>\n","protected":false},"excerpt":{"rendered":"<p>Lisainfo: Muhu V\u00e4ina regati esimene sadam on Lennusadam ja seal on ka kohustus viibida alates 18. juulist \u00a0kuni regati stardini. Vajadusel saab aluseid paigutada ka \u00a0k\u00f5rvalasuvasse Noblessneri sadamasse.<\/p>\n","protected":false},"author":24,"featured_media":2664,"comment_status":"open","ping_status":"open","sticky":false,"template":"","format":"standard","meta":{"spay_email":"","jetpack_publicize_message":""},"categories":[1],"tags":[],"jetpack_featured_media_url":"https:\/\/kjk.ee\/wp-content\/uploads\/2015\/07\/Muhu-V\u00e4ina-Regatt-2015-Muhu-V\u00e4ina-Eskaadris\u00f5idu-FB-b\u00e4nner-750x750px_1.jpg","jetpack_publicize_connections":[],"jetpack_sharing_enabled":true,"jetpack_shortlink":"https:\/\/wp.me\/paW3M4-GU","_links":{"self":[{"href":"https:\/\/kjk.ee\/en\/wp-json\/wp\/v2\/posts\/2660"}],"collection":[{"href":"https:\/\/kjk.ee\/en\/wp-json\/wp\/v2\/posts"}],"about":[{"href":"https:\/\/kjk.ee\/en\/wp-json\/wp\/v2\/types\/post"}],"author":[{"embeddable":true,"href":"https:\/\/kjk.ee\/en\/wp-json\/wp\/v2\/users\/24"}],"replies":[{"embeddable":true,"href":"https:\/\/kjk.ee\/en\/wp-json\/wp\/v2\/comments?post=2660"}],"version-history":[{"count":1,"href":"https:\/\/kjk.ee\/en\/wp-json\/wp\/v2\/posts\/2660\/revisions"}],"predecessor-version":[{"id":2663,"href":"https:\/\/kjk.ee\/en\/wp-json\/wp\/v2\/posts\/2660\/revisions\/2663"}],"wp:featuredmedia":[{"embeddable":true,"href":"https:\/\/kjk.ee\/en\/wp-json\/wp\/v2\/media\/2664"}],"wp:attachment":[{"href":"https:\/\/kjk.ee\/en\/wp-json\/wp\/v2\/media?parent=2660"}],"wp:term":[{"taxonomy":"category","embeddable":true,"href":"https:\/\/kjk.ee\/en\/wp-json\/wp\/v2\/categories?post=2660"},{"taxonomy":"post_tag","embeddable":true,"href":"https:\/\/kjk.ee\/en\/wp-json\/wp\/v2\/tags?post=2660"}],"curies":[{"name":"wp","href":"https:\/\/api.w.org\/{rel}","templated":true}]}}