{"id":27180,"date":"2024-07-12T10:39:02","date_gmt":"2024-07-12T07:39:02","guid":{"rendered":"https:\/\/kjk.ee\/?p=27180"},"modified":"2024-07-12T10:48:45","modified_gmt":"2024-07-12T07:48:45","slug":"suur-merepidu-kalevi-jahtklubi-sadamas-13-14-juuli-2024","status":"publish","type":"post","link":"https:\/\/kjk.ee\/en\/suur-merepidu-kalevi-jahtklubi-sadamas-13-14-juuli-2024\/","title":{"rendered":"Suur merepidu Kalevi Jahtklubi sadamas 13.-14.juuli 2024"},"content":{"rendered":"<h3><strong><a href=\"https:\/\/kjk.ee\/wp-content\/uploads\/2024\/07\/MV-1.jpg\"><img loading=\"lazy\" class=\"size-medium wp-image-27185 alignleft\" src=\"https:\/\/kjk.ee\/wp-content\/uploads\/2024\/07\/MV-1-300x200.jpg\" alt=\"\" width=\"300\" height=\"200\" srcset=\"https:\/\/kjk.ee\/wp-content\/uploads\/2024\/07\/MV-1-300x200.jpg 300w, https:\/\/kjk.ee\/wp-content\/uploads\/2024\/07\/MV-1-1024x682.jpg 1024w, https:\/\/kjk.ee\/wp-content\/uploads\/2024\/07\/MV-1-768x511.jpg 768w, https:\/\/kjk.ee\/wp-content\/uploads\/2024\/07\/MV-1-1536x1023.jpg 1536w, https:\/\/kjk.ee\/wp-content\/uploads\/2024\/07\/MV-1-83x55.jpg 83w, https:\/\/kjk.ee\/wp-content\/uploads\/2024\/07\/MV-1-72x48.jpg 72w, https:\/\/kjk.ee\/wp-content\/uploads\/2024\/07\/MV-1-147x98.jpg 147w, https:\/\/kjk.ee\/wp-content\/uploads\/2024\/07\/MV-1.jpg 2000w\" sizes=\"(max-width: 300px) 100vw, 300px\" \/><\/a>Ootame k\u00f5iki Kalevi Jahtklubi liikmeid ja meres\u00f5pru sel n\u00e4dalavahetusel, 13. ja 14. juulil Kalevi Jahtklubi sadamasse! M\u00f5lemad p\u00e4evad on t\u00e4is s\u00fcndmusi, millest kutsume teid osa saama!\u00a0<\/strong><\/h3>\n<p><strong>Laup\u00e4ev, 13. juuli<\/strong><\/p>\n<p>67. Le Coq Muhu V\u00e4ina regatil osalevaid jahte t\u00e4is Kalevi Jahtklubi sadamas Pirital on alates kella 13st terveks p\u00e4evaks avatud regatik\u00fcla ja tegevust leidub nii lastele kui ka t\u00e4iskasvanutele. Toitlustust pakuvad Reval Cafe, Sailors&#8217; Home ning Alexela foodtruck, purjetamisvarustust ja -riideid pakuvad Sportland, Alter Marine ja Nautical Partners.<\/p>\n<p><strong>Alates kell 13<\/strong> &#8211;\u00a0<strong>V\u00e4ravad avatud<\/strong>, purjetajatele on avatud regatib\u00fcroo <a href=\"https:\/\/kjk.ee\/wp-content\/uploads\/2024\/07\/KJK-PSK-vertikaal-vaike.jpg\"><img loading=\"lazy\" class=\"wp-image-27200 size-thumbnail alignright\" src=\"https:\/\/kjk.ee\/wp-content\/uploads\/2024\/07\/KJK-PSK-vertikaal-vaike-150x150.jpg\" alt=\"\" width=\"150\" height=\"150\" srcset=\"https:\/\/kjk.ee\/wp-content\/uploads\/2024\/07\/KJK-PSK-vertikaal-vaike-150x150.jpg 150w, https:\/\/kjk.ee\/wp-content\/uploads\/2024\/07\/KJK-PSK-vertikaal-vaike-300x300.jpg 300w, https:\/\/kjk.ee\/wp-content\/uploads\/2024\/07\/KJK-PSK-vertikaal-vaike-768x768.jpg 768w, https:\/\/kjk.ee\/wp-content\/uploads\/2024\/07\/KJK-PSK-vertikaal-vaike-55x55.jpg 55w, https:\/\/kjk.ee\/wp-content\/uploads\/2024\/07\/KJK-PSK-vertikaal-vaike-75x75.jpg 75w, https:\/\/kjk.ee\/wp-content\/uploads\/2024\/07\/KJK-PSK-vertikaal-vaike-48x48.jpg 48w, https:\/\/kjk.ee\/wp-content\/uploads\/2024\/07\/KJK-PSK-vertikaal-vaike-98x98.jpg 98w, https:\/\/kjk.ee\/wp-content\/uploads\/2024\/07\/KJK-PSK-vertikaal-vaike.jpg 842w\" sizes=\"(max-width: 150px) 100vw, 150px\" \/><\/a><\/p>\n<p><strong>13:00-18:00 S\u00f5lmede t\u00f6\u00f6tuba ning v\u00f5imalus minna Optimistiga v\u00e4ikesele tiirule j\u00f5el <\/strong><br \/>\n<em>Kalevi Jahtklubi Purjespordikooli \u00f5pilased tutvustavad erinevaid purjepaate alates Optimistist, kaldal toimub s\u00f5lmede \u00f5pituba ning soovi korral on v\u00f5imalik minna j\u00f5ele v\u00e4ikesele proovis\u00f5idule.<\/em><\/p>\n<p><strong>14:30-18:30 Vladislav Kor\u017eetsi ja Hanno Kase r\u00e4imeroogade \u00f5pituba <\/strong><br \/>\n<em>T\u00dc EMI Kalanduse Teabekeskus koos \u201eKalastaja\u201c k\u00f6\u00f6giga propageerivad eesti rahvuskala r\u00e4ime s\u00f6\u00f6mist. Teeme r\u00e4imest lihtsaid roogasid ja vigurdame ka. \u00d5pituba on k\u00f5igile tasuta ja tehtud tulem s\u00fc\u00fcakse \u00fcheskoos \u00e4ra.<\/em><\/p>\n<p><strong><a href=\"https:\/\/kjk.ee\/wp-content\/uploads\/2024\/07\/202407-MV-fb-event-avapidu-2_huge.jpg\"><img loading=\"lazy\" class=\"size-medium wp-image-27181 alignright\" src=\"https:\/\/kjk.ee\/wp-content\/uploads\/2024\/07\/202407-MV-fb-event-avapidu-2_huge-300x169.jpg\" alt=\"\" width=\"300\" height=\"169\" srcset=\"https:\/\/kjk.ee\/wp-content\/uploads\/2024\/07\/202407-MV-fb-event-avapidu-2_huge-300x170.jpg 300w, https:\/\/kjk.ee\/wp-content\/uploads\/2024\/07\/202407-MV-fb-event-avapidu-2_huge-1024x576.jpg 1024w, https:\/\/kjk.ee\/wp-content\/uploads\/2024\/07\/202407-MV-fb-event-avapidu-2_huge-768x432.jpg 768w, https:\/\/kjk.ee\/wp-content\/uploads\/2024\/07\/202407-MV-fb-event-avapidu-2_huge-1536x864.jpg 1536w, https:\/\/kjk.ee\/wp-content\/uploads\/2024\/07\/202407-MV-fb-event-avapidu-2_huge-98x55.jpg 98w, https:\/\/kjk.ee\/wp-content\/uploads\/2024\/07\/202407-MV-fb-event-avapidu-2_huge-85x48.jpg 85w, https:\/\/kjk.ee\/wp-content\/uploads\/2024\/07\/202407-MV-fb-event-avapidu-2_huge-174x98.jpg 174w, https:\/\/kjk.ee\/wp-content\/uploads\/2024\/07\/202407-MV-fb-event-avapidu-2_huge.jpg 2048w\" sizes=\"(max-width: 300px) 100vw, 300px\" \/><\/a>18:30<\/strong> &#8211; <strong>Ansambli Puuluup kontsert<\/strong><br \/>\n<strong>19:30 <\/strong>&#8211; <strong>Uue sadamamaja s\u00fcmboolne avamine &#038; A. Le Coq 67. Muhu V\u00e4ina regati avamine, s\u00f5nav\u00f5tud ja tervitusk\u00f5ned k\u00fclalistelt<\/strong><br \/>\n<strong>20:00 &#8211; DJ Reigo Ahven<\/strong><br \/>\n<a href=\"https:\/\/kjk.us4.list-manage.com\/track\/click?u=cb0a2a8a01bcb25776f5de3ce&#038;id=fd0bb013e4&#038;e=d2c6b1e591\">Kogu p\u00e4evakava leidub siin\u00a0<\/a><\/p>\n<p>&nbsp;<\/p>\n<p><strong><a href=\"https:\/\/kjk.ee\/wp-content\/uploads\/2024\/07\/MV-2.jpg\"><img loading=\"lazy\" class=\"size-medium wp-image-27184 alignleft\" src=\"https:\/\/kjk.ee\/wp-content\/uploads\/2024\/07\/MV-2-300x157.jpg\" alt=\"\" width=\"300\" height=\"157\" srcset=\"https:\/\/kjk.ee\/wp-content\/uploads\/2024\/07\/MV-2-300x157.jpg 300w, https:\/\/kjk.ee\/wp-content\/uploads\/2024\/07\/MV-2-768x402.jpg 768w, https:\/\/kjk.ee\/wp-content\/uploads\/2024\/07\/MV-2-105x55.jpg 105w, https:\/\/kjk.ee\/wp-content\/uploads\/2024\/07\/MV-2-92x48.jpg 92w, https:\/\/kjk.ee\/wp-content\/uploads\/2024\/07\/MV-2-187x98.jpg 187w, https:\/\/kjk.ee\/wp-content\/uploads\/2024\/07\/MV-2.jpg 960w\" sizes=\"(max-width: 300px) 100vw, 300px\" \/><\/a>P\u00fchap\u00e4ev, 14. juuli<\/strong><\/p>\n<p><strong> 12:00 &#8211; 14:30 &#8211;\u00a0Mereparaad Tallinna lahel &#8211; tule oma s\u00f5prade ja perega!<\/strong><br \/>\n<em>K\u00f5ik on oodatud osa saama ajaloolisest mereparaadist, kus kohtuvad The Tall Ships Races ja A. Le Coq 67. Muhu V\u00e4ina regati laevastikud.<\/em> <a href=\"https:\/\/kjk.us4.list-manage.com\/track\/click?u=cb0a2a8a01bcb25776f5de3ce&#038;id=867c0219b4&#038;e=d2c6b1e591\">T\u00e4psem info mereparaadio kohta<\/a><\/p>\n<p><strong><a href=\"https:\/\/kjk.ee\/wp-content\/uploads\/2024\/07\/MV-3.jpg\"><img loading=\"lazy\" class=\"size-medium wp-image-27183 alignright\" src=\"https:\/\/kjk.ee\/wp-content\/uploads\/2024\/07\/MV-3-300x169.jpg\" alt=\"\" width=\"300\" height=\"169\" srcset=\"https:\/\/kjk.ee\/wp-content\/uploads\/2024\/07\/MV-3-300x170.jpg 300w, https:\/\/kjk.ee\/wp-content\/uploads\/2024\/07\/MV-3-768x432.jpg 768w, https:\/\/kjk.ee\/wp-content\/uploads\/2024\/07\/MV-3-98x55.jpg 98w, https:\/\/kjk.ee\/wp-content\/uploads\/2024\/07\/MV-3-85x48.jpg 85w, https:\/\/kjk.ee\/wp-content\/uploads\/2024\/07\/MV-3-174x98.jpg 174w, https:\/\/kjk.ee\/wp-content\/uploads\/2024\/07\/MV-3.jpg 960w\" sizes=\"(max-width: 300px) 100vw, 300px\" \/><\/a>15:00<\/strong> &#8211; <strong><a href=\"https:\/\/kjk.us4.list-manage.com\/track\/click?u=cb0a2a8a01bcb25776f5de3ce&#038;id=e9ff4c3f52&#038;e=d2c6b1e591\">M\u00f5ttetalgud &#8211; Kuhu l\u00e4hed Muhu V\u00e4in? &#8211;\u00a0<\/a><\/strong>K\u00f5ik on teretulnud!<br \/>\n<em>Kalevi Jahtklubi klubi\u00fclem <\/em><strong><em>Ain Roosma<\/em><\/strong><em> kutsub k\u00f5iki huvilisi avatud vestlusringile Muhu V\u00e4ina regati tuleviku osas. K\u00f5ik k\u00fcsimused, arvamused ning ettepanekud on teretulnud!<\/em><\/p>\n<p><strong>18:00 &#8211; <a href=\"https:\/\/kjk.us4.list-manage.com\/track\/click?u=cb0a2a8a01bcb25776f5de3ce&#038;id=e81aa507d6&#038;e=d2c6b1e591\">J\/70 klass Eestis &#8211; olevik ja tulevik<\/a><\/strong><br \/>\n<em><a href=\"https:\/\/kjk.ee\/wp-content\/uploads\/2024\/07\/MV-4.jpg\"><img loading=\"lazy\" class=\"size-medium wp-image-27182 alignleft\" src=\"https:\/\/kjk.ee\/wp-content\/uploads\/2024\/07\/MV-4-300x169.jpg\" alt=\"\" width=\"300\" height=\"169\" srcset=\"https:\/\/kjk.ee\/wp-content\/uploads\/2024\/07\/MV-4-300x170.jpg 300w, https:\/\/kjk.ee\/wp-content\/uploads\/2024\/07\/MV-4-768x432.jpg 768w, https:\/\/kjk.ee\/wp-content\/uploads\/2024\/07\/MV-4-98x55.jpg 98w, https:\/\/kjk.ee\/wp-content\/uploads\/2024\/07\/MV-4-85x48.jpg 85w, https:\/\/kjk.ee\/wp-content\/uploads\/2024\/07\/MV-4-174x98.jpg 174w, https:\/\/kjk.ee\/wp-content\/uploads\/2024\/07\/MV-4.jpg 960w\" sizes=\"(max-width: 300px) 100vw, 300px\" \/><\/a>Maailma k\u00f5ige laiema levikuga v\u00f5istlusklass on J-70 ja meil on plaan alustada ka Eestis selle v\u00e4ga atraktiivse ning populaarse One Design klassi \u00fclesehitamist.<\/em><em><br \/>\nKutsume k\u00f5iki purjetajaid selleteemalisele vabas vormis arutelule Kalevi Jahtklubi uue sadammaja klubisaali. Oma kogemusi jagavad Kalevi Jahtklubi kommodoor <strong>T\u00f5nu T\u00f5niste <\/strong>ja purjetaja\u00a0<strong>Mati Sepp<\/strong>.<\/em><\/p>\n<p><strong><a href=\"https:\/\/kjk.ee\/wp-content\/uploads\/2024\/07\/MV-5.png\"><img loading=\"lazy\" class=\"size-medium wp-image-27188 alignright\" src=\"https:\/\/kjk.ee\/wp-content\/uploads\/2024\/07\/MV-5-300x200.png\" alt=\"\" width=\"300\" height=\"200\" srcset=\"https:\/\/kjk.ee\/wp-content\/uploads\/2024\/07\/MV-5-300x200.png 300w, https:\/\/kjk.ee\/wp-content\/uploads\/2024\/07\/MV-5-82x55.png 82w, https:\/\/kjk.ee\/wp-content\/uploads\/2024\/07\/MV-5-72x48.png 72w, https:\/\/kjk.ee\/wp-content\/uploads\/2024\/07\/MV-5-147x98.png 147w, https:\/\/kjk.ee\/wp-content\/uploads\/2024\/07\/MV-5.png 460w\" sizes=\"(max-width: 300px) 100vw, 300px\" \/><\/a>19:30 Regatik\u00fcla v\u00e4likinos film <a href=\"https:\/\/kjk.us4.list-manage.com\/track\/click?u=cb0a2a8a01bcb25776f5de3ce&#038;id=b2dbbcf841&#038;e=d2c6b1e591\">&#8220;Kon-Tiki&#8221;<\/a><\/strong><\/p>\n<p>21:30 &#8211; Jalgpalli EM EURO2024 finaali vaatamine v\u00e4likino ekraanilt<\/p>\n<p><a href=\"https:\/\/kjk.us4.list-manage.com\/track\/click?u=cb0a2a8a01bcb25776f5de3ce&#038;id=34fe497be4&#038;e=d2c6b1e591\">Kogu p\u00e4eva programmi info leidub siin<\/a><\/p>\n<p><a href=\"https:\/\/kjk.ee\/wp-content\/uploads\/2024\/07\/MV-6.png\"><img loading=\"lazy\" class=\"alignnone size-medium wp-image-27187\" src=\"https:\/\/kjk.ee\/wp-content\/uploads\/2024\/07\/MV-6-300x170.png\" alt=\"\" width=\"300\" height=\"170\" srcset=\"https:\/\/kjk.ee\/wp-content\/uploads\/2024\/07\/MV-6-300x170.png 300w, https:\/\/kjk.ee\/wp-content\/uploads\/2024\/07\/MV-6-97x55.png 97w, https:\/\/kjk.ee\/wp-content\/uploads\/2024\/07\/MV-6-84x48.png 84w, https:\/\/kjk.ee\/wp-content\/uploads\/2024\/07\/MV-6-172x98.png 172w, https:\/\/kjk.ee\/wp-content\/uploads\/2024\/07\/MV-6.png 461w\" sizes=\"(max-width: 300px) 100vw, 300px\" \/><\/a><\/p>\n<p><a href=\"https:\/\/kjk.ee\/wp-content\/uploads\/2024\/07\/MV-7.png\"><img loading=\"lazy\" class=\"size-medium wp-image-27186 aligncenter\" src=\"https:\/\/kjk.ee\/wp-content\/uploads\/2024\/07\/MV-7-300x181.png\" alt=\"\" width=\"300\" height=\"181\" srcset=\"https:\/\/kjk.ee\/wp-content\/uploads\/2024\/07\/MV-7-300x181.png 300w, https:\/\/kjk.ee\/wp-content\/uploads\/2024\/07\/MV-7-91x55.png 91w, https:\/\/kjk.ee\/wp-content\/uploads\/2024\/07\/MV-7-80x48.png 80w, https:\/\/kjk.ee\/wp-content\/uploads\/2024\/07\/MV-7-163x98.png 163w, https:\/\/kjk.ee\/wp-content\/uploads\/2024\/07\/MV-7.png 452w\" sizes=\"(max-width: 300px) 100vw, 300px\" \/><\/a><\/p>\n","protected":false},"excerpt":{"rendered":"<p>Ootame k\u00f5iki Kalevi Jahtklubi liikmeid ja meres\u00f5pru sel n\u00e4dalavahetusel, 13. ja 14. juulil Kalevi Jahtklubi sadamasse! M\u00f5lemad p\u00e4evad on t\u00e4is s\u00fcndmusi, millest kutsume teid osa saama!\u00a0 Laup\u00e4ev, 13. juuli 67. Le Coq Muhu V\u00e4ina regatil osalevaid jahte t\u00e4is Kalevi Jahtklubi sadamas Pirital on alates kella 13st terveks p\u00e4evaks avatud regatik\u00fcla ja tegevust leidub nii lastele kui ka t\u00e4iskasvanutele. Toitlustust pakuvad<a class=\"more-link\" href=\"https:\/\/kjk.ee\/en\/suur-merepidu-kalevi-jahtklubi-sadamas-13-14-juuli-2024\/\">[Read More&#8230;]<\/a><\/p>\n","protected":false},"author":24,"featured_media":27185,"comment_status":"closed","ping_status":"closed","sticky":false,"template":"","format":"standard","meta":{"spay_email":"","jetpack_publicize_message":""},"categories":[167],"tags":[],"jetpack_featured_media_url":"https:\/\/kjk.ee\/wp-content\/uploads\/2024\/07\/MV-1.jpg","jetpack_publicize_connections":[],"jetpack_sharing_enabled":true,"jetpack_shortlink":"https:\/\/wp.me\/paW3M4-74o","_links":{"self":[{"href":"https:\/\/kjk.ee\/en\/wp-json\/wp\/v2\/posts\/27180"}],"collection":[{"href":"https:\/\/kjk.ee\/en\/wp-json\/wp\/v2\/posts"}],"about":[{"href":"https:\/\/kjk.ee\/en\/wp-json\/wp\/v2\/types\/post"}],"author":[{"embeddable":true,"href":"https:\/\/kjk.ee\/en\/wp-json\/wp\/v2\/users\/24"}],"replies":[{"embeddable":true,"href":"https:\/\/kjk.ee\/en\/wp-json\/wp\/v2\/comments?post=27180"}],"version-history":[{"count":16,"href":"https:\/\/kjk.ee\/en\/wp-json\/wp\/v2\/posts\/27180\/revisions"}],"predecessor-version":[{"id":27206,"href":"https:\/\/kjk.ee\/en\/wp-json\/wp\/v2\/posts\/27180\/revisions\/27206"}],"wp:featuredmedia":[{"embeddable":true,"href":"https:\/\/kjk.ee\/en\/wp-json\/wp\/v2\/media\/27185"}],"wp:attachment":[{"href":"https:\/\/kjk.ee\/en\/wp-json\/wp\/v2\/media?parent=27180"}],"wp:term":[{"taxonomy":"category","embeddable":true,"href":"https:\/\/kjk.ee\/en\/wp-json\/wp\/v2\/categories?post=27180"},{"taxonomy":"post_tag","embeddable":true,"href":"https:\/\/kjk.ee\/en\/wp-json\/wp\/v2\/tags?post=27180"}],"curies":[{"name":"wp","href":"https:\/\/api.w.org\/{rel}","templated":true}]}}