{"id":30529,"date":"2025-08-27T07:24:20","date_gmt":"2025-08-27T04:24:20","guid":{"rendered":"https:\/\/kjk.ee\/?p=30529"},"modified":"2025-08-27T07:34:10","modified_gmt":"2025-08-27T04:34:10","slug":"parkimis-ja-sissesoidupiirangud-kjk-sadamas-28-31-august","status":"publish","type":"post","link":"https:\/\/kjk.ee\/en\/parkimis-ja-sissesoidupiirangud-kjk-sadamas-28-31-august\/","title":{"rendered":"Parkimis- ja sisses\u00f5idupiirangud KJK sadamas 28.-31.august"},"content":{"rendered":"<h3><a href=\"https:\/\/kjk.ee\/wp-content\/uploads\/2025\/08\/Parkimispiirangud.png\"><img loading=\"lazy\" class=\"size-medium wp-image-30530 alignleft\" src=\"https:\/\/kjk.ee\/wp-content\/uploads\/2025\/08\/Parkimispiirangud-300x209.png\" alt=\"\" width=\"300\" height=\"209\" srcset=\"https:\/\/kjk.ee\/wp-content\/uploads\/2025\/08\/Parkimispiirangud-300x209.png 300w, https:\/\/kjk.ee\/wp-content\/uploads\/2025\/08\/Parkimispiirangud-768x535.png 768w, https:\/\/kjk.ee\/wp-content\/uploads\/2025\/08\/Parkimispiirangud-79x55.png 79w, https:\/\/kjk.ee\/wp-content\/uploads\/2025\/08\/Parkimispiirangud-69x48.png 69w, https:\/\/kjk.ee\/wp-content\/uploads\/2025\/08\/Parkimispiirangud-141x98.png 141w, https:\/\/kjk.ee\/wp-content\/uploads\/2025\/08\/Parkimispiirangud.png 966w\" sizes=\"(max-width: 300px) 100vw, 300px\" \/><\/a>Seoses <a href=\"https:\/\/www.manage2sail.com\/et-EE\/event\/kalevijahtklubimv#!\/\">Eesti meistriv\u00f5istlustega svertpaadiklassidele Optimist, Zoom8, ILCA4, Aero 5, Aero 6, Aero 7, 29er, 49er\/FX ja 470<\/a> on Kalevi Jahtklubi sadamasse sisses\u00f5itmine ning parkimine Kalevi Jahtklubi sadamas neljap\u00e4evast p\u00fchap\u00e4evani, 28.-31.augustil on piiratud!<\/h3>\n<p>Palun j\u00e4lgida sadamas kehtivaid piiranguid ja viiteid ning arvestage, et eeloleval n\u00e4dalal\u00f5pul liikleb sadamas ja merel ligi <strong>210\u00a0 noort purjetajat!<\/strong><\/p>\n<ul>\n<li>Kraanast edasi ei ole autoliiklus lubatud!<\/li>\n<li>Autov\u00e4ravast vasakule j\u00e4\u00e4v killustiku plats on broneeritud spordikoolide ja -klubide bussidele ja treileritele.<\/li>\n<\/ul>\n<p>T\u00e4name m\u00f5istva suhtumise eest!<\/p>\n","protected":false},"excerpt":{"rendered":"<p>Seoses Eesti meistriv\u00f5istlustega svertpaadiklassidele Optimist, Zoom8, ILCA4, Aero 5, Aero 6, Aero 7, 29er, 49er\/FX ja 470 on Kalevi Jahtklubi sadamasse sisses\u00f5itmine ning parkimine Kalevi Jahtklubi sadamas neljap\u00e4evast p\u00fchap\u00e4evani, 28.-31.augustil on piiratud! Palun j\u00e4lgida sadamas kehtivaid piiranguid ja viiteid ning arvestage, et eeloleval n\u00e4dalal\u00f5pul liikleb sadamas ja merel ligi 210\u00a0 noort purjetajat! Kraanast edasi ei ole autoliiklus lubatud! Autov\u00e4ravast vasakule<a class=\"more-link\" href=\"https:\/\/kjk.ee\/en\/parkimis-ja-sissesoidupiirangud-kjk-sadamas-28-31-august\/\">[Read More&#8230;]<\/a><\/p>\n","protected":false},"author":24,"featured_media":30530,"comment_status":"closed","ping_status":"closed","sticky":false,"template":"","format":"standard","meta":{"spay_email":"","jetpack_publicize_message":""},"categories":[167],"tags":[],"jetpack_featured_media_url":"https:\/\/kjk.ee\/wp-content\/uploads\/2025\/08\/Parkimispiirangud.png","jetpack_publicize_connections":[],"jetpack_sharing_enabled":true,"jetpack_shortlink":"https:\/\/wp.me\/paW3M4-7Wp","_links":{"self":[{"href":"https:\/\/kjk.ee\/en\/wp-json\/wp\/v2\/posts\/30529"}],"collection":[{"href":"https:\/\/kjk.ee\/en\/wp-json\/wp\/v2\/posts"}],"about":[{"href":"https:\/\/kjk.ee\/en\/wp-json\/wp\/v2\/types\/post"}],"author":[{"embeddable":true,"href":"https:\/\/kjk.ee\/en\/wp-json\/wp\/v2\/users\/24"}],"replies":[{"embeddable":true,"href":"https:\/\/kjk.ee\/en\/wp-json\/wp\/v2\/comments?post=30529"}],"version-history":[{"count":3,"href":"https:\/\/kjk.ee\/en\/wp-json\/wp\/v2\/posts\/30529\/revisions"}],"predecessor-version":[{"id":30640,"href":"https:\/\/kjk.ee\/en\/wp-json\/wp\/v2\/posts\/30529\/revisions\/30640"}],"wp:featuredmedia":[{"embeddable":true,"href":"https:\/\/kjk.ee\/en\/wp-json\/wp\/v2\/media\/30530"}],"wp:attachment":[{"href":"https:\/\/kjk.ee\/en\/wp-json\/wp\/v2\/media?parent=30529"}],"wp:term":[{"taxonomy":"category","embeddable":true,"href":"https:\/\/kjk.ee\/en\/wp-json\/wp\/v2\/categories?post=30529"},{"taxonomy":"post_tag","embeddable":true,"href":"https:\/\/kjk.ee\/en\/wp-json\/wp\/v2\/tags?post=30529"}],"curies":[{"name":"wp","href":"https:\/\/api.w.org\/{rel}","templated":true}]}}