{"id":30857,"date":"2025-10-08T09:39:40","date_gmt":"2025-10-08T06:39:40","guid":{"rendered":"https:\/\/kjk.ee\/?p=30857"},"modified":"2025-10-09T12:02:06","modified_gmt":"2025-10-09T09:02:06","slug":"2025-sugisene-jahtide-tostmine","status":"publish","type":"post","link":"https:\/\/kjk.ee\/en\/2025-sugisene-jahtide-tostmine\/","title":{"rendered":"2025 S\u00dcGISENE JAHTIDE T\u00d5STMISE AJAKAVA"},"content":{"rendered":"<h2><a href=\"https:\/\/kjk.ee\/wp-content\/uploads\/2025\/04\/Kraana.jpg\"><img loading=\"lazy\" class=\"size-medium wp-image-29418 alignleft\" src=\"https:\/\/kjk.ee\/wp-content\/uploads\/2025\/04\/Kraana-300x225.jpg\" alt=\"\" width=\"300\" height=\"225\" srcset=\"https:\/\/kjk.ee\/wp-content\/uploads\/2025\/04\/Kraana-300x225.jpg 300w, https:\/\/kjk.ee\/wp-content\/uploads\/2025\/04\/Kraana-1024x768.jpg 1024w, https:\/\/kjk.ee\/wp-content\/uploads\/2025\/04\/Kraana-768x576.jpg 768w, https:\/\/kjk.ee\/wp-content\/uploads\/2025\/04\/Kraana-1536x1152.jpg 1536w, https:\/\/kjk.ee\/wp-content\/uploads\/2025\/04\/Kraana-73x55.jpg 73w, https:\/\/kjk.ee\/wp-content\/uploads\/2025\/04\/Kraana-100x75.jpg 100w, https:\/\/kjk.ee\/wp-content\/uploads\/2025\/04\/Kraana-200x150.jpg 200w, https:\/\/kjk.ee\/wp-content\/uploads\/2025\/04\/Kraana-64x48.jpg 64w, https:\/\/kjk.ee\/wp-content\/uploads\/2025\/04\/Kraana-131x98.jpg 131w, https:\/\/kjk.ee\/wp-content\/uploads\/2025\/04\/Kraana.jpg 2016w\" sizes=\"(max-width: 300px) 100vw, 300px\" \/><\/a>S\u00fcgisene jahtide t\u00f5stmine toimub n\u00e4dalavahetusel 25.-26.10.2025, mille<strong> <a href=\"https:\/\/kjk.ee\/wp-content\/uploads\/2025\/09\/Toste-sugis-2025.pdf\" target=\"_blank\" rel=\"noopener noreferrer\">AJAKAVA LEIATE SIIT.<\/a><\/strong><\/h2>\n<p><strong>K\u00f5ik kelle KIILPLOKID v\u00f5i RAAMID ei asu sadamas, ALATES LAUP\u00c4EVAST, 18.oktoobrist saate need sadamasse kohale tuua!<\/strong><\/p>\n<ul>\n<li><strong>T\u00f5stmise p\u00e4evadel autoga sadamasse EI P\u00c4\u00c4SE! Avatud on jalgv\u00e4ravad!<\/strong><\/li>\n<\/ul>\n<p>Sadamakapten tuletab veel meelde:<\/p>\n<ul>\n<li><strong>Kontrolli ja hoolda oma aluse kiilplokk<\/strong>. Talrepid ja muud pingutid peavad t\u00f6\u00f6tama (<strong>KONTROLLI ENNE TALREPID!!<\/strong>)<\/li>\n<li>Kelle kiilplokid ei asu sadamas, tuua need kohale ja komplekteerida <strong>alates 18.oktoobrist<\/strong><\/li>\n<li>Valmista alus ette t\u00f5stmiseks (ahterstaak, tirk peavad olema vabastatud)<\/li>\n<li>T\u00f5stmiseks peab olema piisavalt abilisi, <strong>\u00fchest inimesest ei piisa! V\u00e4hemalt 2 inimest aluse kohta<\/strong><\/li>\n<li>Otsige palun \u00fcles info, kus on m\u00e4rgitud t\u00f5stelintide asukoht ja kiilplokile paigutus.\u00a0Oleme eelnevatel v\u00e4lja ja sisse t\u00f5stmistel teha k\u00f5igil pildid<\/li>\n<li><strong>Tulge aegsasti kohale<\/strong> (minimaalselt <strong>45<\/strong> minutit enne planeeritud t\u00f5stet), et j\u00f5uaksite teha vajalikud toimingud (lisaks on praktika on n\u00e4idanud, et vahest saame ka graafikust kiiremini t\u00f5stetud!)<\/li>\n<\/ul>\n<p>NB! Kiilplokid ja treilerid peavad olema tehniliselt korras ja vastama aluse kaalule. Vastasel juhul on sadamal \u00f5igus keelduda staapelplatsi teenuse osutamisest.<\/p>\n<ul>\n<li><strong>Sadamaalal asuvad ja mitte ,,talvituvad&#8221; katamaraanid, Draakonid,\u00a0 varustuse ja muud treilerid palume \u00e4ra viia hiljemalt 13.oktoober!<\/strong><\/li>\n<li>ROPK svertpaadid palume \u00e4ra viia hiljemalt esmasp\u00e4ev, 15. oktoober 2025.<\/li>\n<\/ul>\n<p><em><strong>T\u00e4htaajaks \u00e4ra viimata\u00a0 varustus\u00a0 teisaldatakse v\u00e4ljapoole sadama kinnist territooriumi. See on vajalik, et saame valmistuda v\u00e4lja t\u00f5stmiseks!<\/strong><\/em><\/p>\n<p>K\u00f5ik lisak\u00fcsimused:<br \/>\nSadamakapten Andres Tamm<br \/>\n<a href=\"mailto:sadam@kjk.ee\">sadam@kjk.ee<\/a><br \/>\ntel. 5301 0450<\/p>\n<p><a href=\"https:\/\/kjk.ee\/wp-content\/uploads\/2025\/09\/Toste-L-25.10.png\"><img loading=\"lazy\" class=\"alignnone size-medium wp-image-30953\" src=\"https:\/\/kjk.ee\/wp-content\/uploads\/2025\/09\/Toste-L-25.10-300x300.png\" alt=\"\" width=\"300\" height=\"300\" srcset=\"https:\/\/kjk.ee\/wp-content\/uploads\/2025\/09\/Toste-L-25.10-300x300.png 300w, https:\/\/kjk.ee\/wp-content\/uploads\/2025\/09\/Toste-L-25.10-150x150.png 150w, https:\/\/kjk.ee\/wp-content\/uploads\/2025\/09\/Toste-L-25.10-768x766.png 768w, https:\/\/kjk.ee\/wp-content\/uploads\/2025\/09\/Toste-L-25.10-55x55.png 55w, https:\/\/kjk.ee\/wp-content\/uploads\/2025\/09\/Toste-L-25.10-75x75.png 75w, https:\/\/kjk.ee\/wp-content\/uploads\/2025\/09\/Toste-L-25.10-48x48.png 48w, https:\/\/kjk.ee\/wp-content\/uploads\/2025\/09\/Toste-L-25.10-98x98.png 98w, https:\/\/kjk.ee\/wp-content\/uploads\/2025\/09\/Toste-L-25.10.png 847w\" sizes=\"(max-width: 300px) 100vw, 300px\" \/><\/a> <a href=\"https:\/\/kjk.ee\/wp-content\/uploads\/2025\/09\/Toste-P-26.10.png\"><img loading=\"lazy\" class=\"alignnone size-medium wp-image-30954\" src=\"https:\/\/kjk.ee\/wp-content\/uploads\/2025\/09\/Toste-P-26.10-300x216.png\" alt=\"\" width=\"300\" height=\"216\" srcset=\"https:\/\/kjk.ee\/wp-content\/uploads\/2025\/09\/Toste-P-26.10-300x216.png 300w, https:\/\/kjk.ee\/wp-content\/uploads\/2025\/09\/Toste-P-26.10-768x552.png 768w, https:\/\/kjk.ee\/wp-content\/uploads\/2025\/09\/Toste-P-26.10-77x55.png 77w, https:\/\/kjk.ee\/wp-content\/uploads\/2025\/09\/Toste-P-26.10-67x48.png 67w, https:\/\/kjk.ee\/wp-content\/uploads\/2025\/09\/Toste-P-26.10-136x98.png 136w, https:\/\/kjk.ee\/wp-content\/uploads\/2025\/09\/Toste-P-26.10.png 846w\" sizes=\"(max-width: 300px) 100vw, 300px\" \/><\/a><\/p>\n","protected":false},"excerpt":{"rendered":"<p>S\u00fcgisene jahtide t\u00f5stmine toimub n\u00e4dalavahetusel 25.-26.10.2025, mille AJAKAVA LEIATE SIIT. K\u00f5ik kelle KIILPLOKID v\u00f5i RAAMID ei asu sadamas, ALATES LAUP\u00c4EVAST, 18.oktoobrist saate need sadamasse kohale tuua! T\u00f5stmise p\u00e4evadel autoga sadamasse EI P\u00c4\u00c4SE! Avatud on jalgv\u00e4ravad! Sadamakapten tuletab veel meelde: Kontrolli ja hoolda oma aluse kiilplokk. Talrepid ja muud pingutid peavad t\u00f6\u00f6tama (KONTROLLI ENNE TALREPID!!) Kelle kiilplokid ei asu sadamas, tuua<a class=\"more-link\" href=\"https:\/\/kjk.ee\/en\/2025-sugisene-jahtide-tostmine\/\">[Read More&#8230;]<\/a><\/p>\n","protected":false},"author":24,"featured_media":20326,"comment_status":"closed","ping_status":"closed","sticky":false,"template":"","format":"standard","meta":{"spay_email":"","jetpack_publicize_message":""},"categories":[167],"tags":[],"jetpack_featured_media_url":"https:\/\/kjk.ee\/wp-content\/uploads\/2022\/07\/KJK-kraana-2-scaled.jpg","jetpack_publicize_connections":[],"jetpack_sharing_enabled":true,"jetpack_shortlink":"https:\/\/wp.me\/paW3M4-81H","_links":{"self":[{"href":"https:\/\/kjk.ee\/en\/wp-json\/wp\/v2\/posts\/30857"}],"collection":[{"href":"https:\/\/kjk.ee\/en\/wp-json\/wp\/v2\/posts"}],"about":[{"href":"https:\/\/kjk.ee\/en\/wp-json\/wp\/v2\/types\/post"}],"author":[{"embeddable":true,"href":"https:\/\/kjk.ee\/en\/wp-json\/wp\/v2\/users\/24"}],"replies":[{"embeddable":true,"href":"https:\/\/kjk.ee\/en\/wp-json\/wp\/v2\/comments?post=30857"}],"version-history":[{"count":5,"href":"https:\/\/kjk.ee\/en\/wp-json\/wp\/v2\/posts\/30857\/revisions"}],"predecessor-version":[{"id":31200,"href":"https:\/\/kjk.ee\/en\/wp-json\/wp\/v2\/posts\/30857\/revisions\/31200"}],"wp:featuredmedia":[{"embeddable":true,"href":"https:\/\/kjk.ee\/en\/wp-json\/wp\/v2\/media\/20326"}],"wp:attachment":[{"href":"https:\/\/kjk.ee\/en\/wp-json\/wp\/v2\/media?parent=30857"}],"wp:term":[{"taxonomy":"category","embeddable":true,"href":"https:\/\/kjk.ee\/en\/wp-json\/wp\/v2\/categories?post=30857"},{"taxonomy":"post_tag","embeddable":true,"href":"https:\/\/kjk.ee\/en\/wp-json\/wp\/v2\/tags?post=30857"}],"curies":[{"name":"wp","href":"https:\/\/api.w.org\/{rel}","templated":true}]}}