{"id":31777,"date":"2026-01-24T10:38:06","date_gmt":"2026-01-24T08:38:06","guid":{"rendered":"https:\/\/kjk.ee\/?p=31777"},"modified":"2026-01-25T17:18:19","modified_gmt":"2026-01-25T15:18:19","slug":"in-memoriam-kalevi-jahtklubi-veteranliige-anto-tors","status":"publish","type":"post","link":"https:\/\/kjk.ee\/en\/in-memoriam-kalevi-jahtklubi-veteranliige-anto-tors\/","title":{"rendered":"In memoriam \u2013 Kalevi Jahtklubi veteranliige ANTO T\u00d5RS"},"content":{"rendered":"<div id=\"attachment_31785\" style=\"width: 235px\" class=\"wp-caption alignleft\"><a href=\"https:\/\/kjk.ee\/wp-content\/uploads\/2026\/01\/Anto-Tors-2.jpg\"><img aria-describedby=\"caption-attachment-31785\" loading=\"lazy\" class=\"wp-image-31785 size-medium\" src=\"https:\/\/kjk.ee\/wp-content\/uploads\/2026\/01\/Anto-Tors-2-225x300.jpg\" alt=\"\" width=\"225\" height=\"300\" srcset=\"https:\/\/kjk.ee\/wp-content\/uploads\/2026\/01\/Anto-Tors-2-225x300.jpg 225w, https:\/\/kjk.ee\/wp-content\/uploads\/2026\/01\/Anto-Tors-2-41x55.jpg 41w, https:\/\/kjk.ee\/wp-content\/uploads\/2026\/01\/Anto-Tors-2-36x48.jpg 36w, https:\/\/kjk.ee\/wp-content\/uploads\/2026\/01\/Anto-Tors-2-74x98.jpg 74w, https:\/\/kjk.ee\/wp-content\/uploads\/2026\/01\/Anto-Tors-2.jpg 480w\" sizes=\"(max-width: 225px) 100vw, 225px\" \/><\/a><p id=\"caption-attachment-31785\" class=\"wp-caption-text\">Anto T\u00f5rs<\/p><\/div>\n<p data-start=\"132\" data-end=\"376\"><strong>In memoriam \u2013 Kalevi Jahtklubi veteranliige ANTO T\u00d5RS <\/strong><\/p>\n<p data-start=\"132\" data-end=\"376\">Meie seast on lahkunud\u00a0oma 87nda s\u00fcnnip\u00e4eva k\u00fcnnisel klubiliige <strong>Anto T\u00f5rs <\/strong>(24.02.1939-20.01.2026) \u2013 saarlasest meremees, kelle elu ja hing kuulusid merele. Tema mereteed viisid nii soojadesse vetesse kui ka karmidesse Arktika piirkondadesse, kus kogemused ja oskused pandi proovile k\u00f5ige n\u00f5udlikumates oludes.<\/p>\n<p data-start=\"378\" data-end=\"708\">Anto juhtis Kirovi kolhoosi laevastikku peakaptenina. Vanemt\u00fc\u00fcrimehena t\u00f5i ta j\u00e4\u00e4murdja <em data-start=\"470\" data-end=\"477\">Tarmo<\/em> kindlalt Helsingist Tallinna. Oma teadmisi ja vastutust kandis ta edasi ka sadamates \u2013 olles nii Miiduranna sadama kapten kui ka k\u00fcmme aastat Lohusalu jahisadama kapten, kus tema rahulikku meelt ja meremehetarkust k\u00f5rgelt hinnati.<\/p>\n<p data-start=\"710\" data-end=\"959\">Ka aastate m\u00f6\u00f6dudes ei kadunud Anto armastus mere vastu. Veel m\u00f5ned aastad tagasi tegi ta oma Rootsis ehitatud Windo 30 klassi purjekal <em data-start=\"846\" data-end=\"853\">Wind\u00f6ga<\/em> m\u00f5nusaid merereise Eesti ja Soome vetes, nautides vabadust, tuult ja vett \u2013 just nii, nagu talle meeldis.<\/p>\n<div id=\"attachment_31780\" style=\"width: 310px\" class=\"wp-caption alignright\"><a href=\"https:\/\/kjk.ee\/wp-content\/uploads\/2026\/01\/Anto-Tors.jpeg\"><img aria-describedby=\"caption-attachment-31780\" loading=\"lazy\" class=\"wp-image-31780 size-medium\" src=\"https:\/\/kjk.ee\/wp-content\/uploads\/2026\/01\/Anto-Tors-300x225.jpeg\" alt=\"\" width=\"300\" height=\"225\" srcset=\"https:\/\/kjk.ee\/wp-content\/uploads\/2026\/01\/Anto-Tors-300x225.jpeg 300w, https:\/\/kjk.ee\/wp-content\/uploads\/2026\/01\/Anto-Tors-73x55.jpeg 73w, https:\/\/kjk.ee\/wp-content\/uploads\/2026\/01\/Anto-Tors-100x75.jpeg 100w, https:\/\/kjk.ee\/wp-content\/uploads\/2026\/01\/Anto-Tors-200x150.jpeg 200w, https:\/\/kjk.ee\/wp-content\/uploads\/2026\/01\/Anto-Tors-64x48.jpeg 64w, https:\/\/kjk.ee\/wp-content\/uploads\/2026\/01\/Anto-Tors-131x98.jpeg 131w, https:\/\/kjk.ee\/wp-content\/uploads\/2026\/01\/Anto-Tors.jpeg 640w\" sizes=\"(max-width: 300px) 100vw, 300px\" \/><\/a><p id=\"caption-attachment-31780\" class=\"wp-caption-text\">Anto T\u00f5rs koos t\u00fctardega<\/p><\/div>\n<p data-start=\"961\" data-end=\"1194\">K\u00f5ige selle k\u00f5rval oli Anto \u00f5nnelik pereisa. Teda j\u00e4\u00e4b eriliselt meenutama Kalevi Jahtklubi restoranis tehtud juubelis\u00fcnnip\u00e4eva foto koos oma t\u00fctardega \u2013 hetk, kus meri ja pere, tema elu kaks suurimat v\u00e4\u00e4rtust, olid s\u00fcmboolselt koos.<\/p>\n<p data-start=\"1196\" data-end=\"1332\" data-is-last-node=\"\" data-is-only-node=\"\">Anto elutee oli kui kindlalt hoitud kurss \u2013 aus, vastutustundlik ja s\u00fcgava armastusega mere vastu. Ta j\u00e4\u00e4b alatiseks meie m\u00e4lestustesse.<\/p>\n","protected":false},"excerpt":{"rendered":"<p>In memoriam \u2013 Kalevi Jahtklubi veteranliige ANTO T\u00d5RS Meie seast on lahkunud\u00a0oma 87nda s\u00fcnnip\u00e4eva k\u00fcnnisel klubiliige Anto T\u00f5rs (24.02.1939-20.01.2026) \u2013 saarlasest meremees, kelle elu ja hing kuulusid merele. Tema mereteed viisid nii soojadesse vetesse kui ka karmidesse Arktika piirkondadesse, kus kogemused ja oskused pandi proovile k\u00f5ige n\u00f5udlikumates oludes. Anto juhtis Kirovi kolhoosi laevastikku peakaptenina. Vanemt\u00fc\u00fcrimehena t\u00f5i ta j\u00e4\u00e4murdja Tarmo kindlalt<a class=\"more-link\" href=\"https:\/\/kjk.ee\/en\/in-memoriam-kalevi-jahtklubi-veteranliige-anto-tors\/\">[Read More&#8230;]<\/a><\/p>\n","protected":false},"author":24,"featured_media":31783,"comment_status":"closed","ping_status":"closed","sticky":false,"template":"","format":"standard","meta":{"spay_email":"","jetpack_publicize_message":""},"categories":[167],"tags":[],"jetpack_featured_media_url":"https:\/\/kjk.ee\/wp-content\/uploads\/2026\/01\/Anto-Tors-land-e1769244068657.jpeg","jetpack_publicize_connections":[],"jetpack_sharing_enabled":true,"jetpack_shortlink":"https:\/\/wp.me\/paW3M4-8gx","_links":{"self":[{"href":"https:\/\/kjk.ee\/en\/wp-json\/wp\/v2\/posts\/31777"}],"collection":[{"href":"https:\/\/kjk.ee\/en\/wp-json\/wp\/v2\/posts"}],"about":[{"href":"https:\/\/kjk.ee\/en\/wp-json\/wp\/v2\/types\/post"}],"author":[{"embeddable":true,"href":"https:\/\/kjk.ee\/en\/wp-json\/wp\/v2\/users\/24"}],"replies":[{"embeddable":true,"href":"https:\/\/kjk.ee\/en\/wp-json\/wp\/v2\/comments?post=31777"}],"version-history":[{"count":6,"href":"https:\/\/kjk.ee\/en\/wp-json\/wp\/v2\/posts\/31777\/revisions"}],"predecessor-version":[{"id":31787,"href":"https:\/\/kjk.ee\/en\/wp-json\/wp\/v2\/posts\/31777\/revisions\/31787"}],"wp:featuredmedia":[{"embeddable":true,"href":"https:\/\/kjk.ee\/en\/wp-json\/wp\/v2\/media\/31783"}],"wp:attachment":[{"href":"https:\/\/kjk.ee\/en\/wp-json\/wp\/v2\/media?parent=31777"}],"wp:term":[{"taxonomy":"category","embeddable":true,"href":"https:\/\/kjk.ee\/en\/wp-json\/wp\/v2\/categories?post=31777"},{"taxonomy":"post_tag","embeddable":true,"href":"https:\/\/kjk.ee\/en\/wp-json\/wp\/v2\/tags?post=31777"}],"curies":[{"name":"wp","href":"https:\/\/api.w.org\/{rel}","templated":true}]}}