{"id":31871,"date":"2026-02-13T11:27:15","date_gmt":"2026-02-13T09:27:15","guid":{"rendered":"https:\/\/kjk.ee\/?p=31871"},"modified":"2026-03-04T12:59:37","modified_gmt":"2026-03-04T10:59:37","slug":"vestlusohtu-17-02-eesti-draakon-klassi-kes-nad-on-kus-nad-treenivad-ja-voistlevad-kuidas-nendega-koos-purjetada","status":"publish","type":"post","link":"https:\/\/kjk.ee\/en\/vestlusohtu-17-02-eesti-draakon-klassi-kes-nad-on-kus-nad-treenivad-ja-voistlevad-kuidas-nendega-koos-purjetada\/","title":{"rendered":"VESTLUS\u00d5HTU &#8211; 17.02 \u2013 Eesti Draakon klass \u2013 kes nad on, kus nad treenivad ja v\u00f5istlevad, kuidas nendega koos purjetada?"},"content":{"rendered":"<p><a href=\"https:\/\/kjk.ee\/wp-content\/uploads\/2024\/02\/DRAAKONID.jpg\"><img loading=\"lazy\" class=\"size-medium wp-image-26179 alignleft\" src=\"https:\/\/kjk.ee\/wp-content\/uploads\/2024\/02\/DRAAKONID-300x200.jpg\" alt=\"\" width=\"300\" height=\"200\" srcset=\"https:\/\/kjk.ee\/wp-content\/uploads\/2024\/02\/DRAAKONID-300x200.jpg 300w, https:\/\/kjk.ee\/wp-content\/uploads\/2024\/02\/DRAAKONID-768x512.jpg 768w, https:\/\/kjk.ee\/wp-content\/uploads\/2024\/02\/DRAAKONID-82x55.jpg 82w, https:\/\/kjk.ee\/wp-content\/uploads\/2024\/02\/DRAAKONID-72x48.jpg 72w, https:\/\/kjk.ee\/wp-content\/uploads\/2024\/02\/DRAAKONID-147x98.jpg 147w, https:\/\/kjk.ee\/wp-content\/uploads\/2024\/02\/DRAAKONID.jpg 1024w\" sizes=\"(max-width: 300px) 100vw, 300px\" \/><\/a>Teisip\u00e4eval, 17.veebruaril toimub j\u00e4rjekordne KJK Klubiliikmete vestlus\u00f5htu, kus peamiseks jututeemaks on <em><strong>&#8220;Draakon klass \u2013 v\u00f5imalused liitumiseks ja osalemine sellel suvel A. LE COQ 69. MUHU V\u00c4INA REGATIL<\/strong><\/em><\/p>\n<p>Lisaks on plaanis jutul\u00f5nga lahti arutada teemadel:<\/p>\n<ul>\n<li>Draakoni ajalugu (kas teadsite, et Eestis ehitatud 900+ alust?)<\/li>\n<li>Purjetamise \u00f5ppe kurv \/ v\u00f5istlused \/ eelarve. Igale tasemel purjetajale ka vastased ja pingutus terve s\u00f5idu v\u00e4ltel.<\/li>\n<li>Tihe kalender ja k\u00f5rge tase l\u00e4hinaabritel<\/li>\n<li><a href=\"https:\/\/www.manage2sail.com\/et-EE\/event\/b59be4d8-5457-4711-a929-1dcc62229b18#!\/entries?classId=e835b401-3ebd-4656-93cc-32c1a5634b89\">2026 aasta EM<\/a> Soomes<\/li>\n<\/ul>\n<p>Vestlusringis osalevad\u00a0aktiivsed klubiliikmed <strong>Rene Treifeldt, Andres Aavik, Margus Haud<\/strong> ja<strong> Tammo Otsasoo<\/strong> ning k\u00fclalisesineja <strong>Alar Volmer.<\/strong><\/p>\n<p>Algus kell 18:00 ja asukoht ikka Klubiruum!<\/p>\n<p><strong>Huvitavat lugemist ja vaatamist Draakon klassi kohta<\/strong> <a href=\"https:\/\/alarvolmersailing.ee\/wp-content\/uploads\/Navigaator-2020-talv-90-aastat-Draakoni-lendu-2.pdf\"><strong>SIIT<\/strong><\/a> ja <strong><a href=\"https:\/\/dragonlife.eu\/\">SIIT.\u00a0<\/a><\/strong><\/p>\n<div class=\"x14z9mp xat24cr x1lziwak x1vvkbs xtlvy1s x126k92a\">\n<div dir=\"auto\"><strong>J\u00e4rgmised 2026 KJK klubiliikmete vestlus\u00f5htud ja teemad on:<\/strong><\/div>\n<\/div>\n<div class=\"x14z9mp xat24cr x1lziwak x1vvkbs xtlvy1s x126k92a\">\n<div dir=\"auto\"><strong><a href=\"https:\/\/kjk.ee\/wp-content\/uploads\/2026\/01\/draakon.jpg\"><img loading=\"lazy\" class=\"size-medium wp-image-31617 alignright jetpack-lazy-image jetpack-lazy-image--handled\" src=\"https:\/\/kjk.ee\/wp-content\/uploads\/2026\/01\/draakon-300x200.jpg\" sizes=\"(max-width: 300px) 100vw, 300px\" srcset=\"https:\/\/kjk.ee\/wp-content\/uploads\/2026\/01\/draakon-300x200.jpg 300w, https:\/\/kjk.ee\/wp-content\/uploads\/2026\/01\/draakon-1024x682.jpg 1024w, https:\/\/kjk.ee\/wp-content\/uploads\/2026\/01\/draakon-768x512.jpg 768w, https:\/\/kjk.ee\/wp-content\/uploads\/2026\/01\/draakon-1536x1024.jpg 1536w, https:\/\/kjk.ee\/wp-content\/uploads\/2026\/01\/draakon-83x55.jpg 83w, https:\/\/kjk.ee\/wp-content\/uploads\/2026\/01\/draakon-72x48.jpg 72w, https:\/\/kjk.ee\/wp-content\/uploads\/2026\/01\/draakon-147x98.jpg 147w, https:\/\/kjk.ee\/wp-content\/uploads\/2026\/01\/draakon.jpg 2000w\" alt=\"\" width=\"300\" height=\"200\" data-lazy-loaded=\"1\" \/><\/a>VEEBRUAR<\/strong><\/div>\n<\/div>\n<ul>\n<li class=\"x11i5rnm xat24cr x1mh8g0r x1vvkbs xtlvy1s\"><strong>Neljp\u00e4ev, 26.02<\/strong> \u2013 <strong>\u201cKui h\u00e4sti Sa tegelikult oma GPS seadmeid tunned ja kasutada oskad?\u201d<\/strong> <a href=\"https:\/\/www.marine.ee\/et\/c\/bandg\">BG mereelektroonikast<\/a> tuleb r\u00e4\u00e4kima <strong>Alter Marine<\/strong> esindaja<\/li>\n<\/ul>\n<div>\n<div><strong>M\u00c4RTS\u00a0<\/strong><\/div>\n<ul>\n<li><strong>Reede, 20.03 Anne-Mari Luik ja Karl Saluveeri \u00fcmbermaailma reis jahtlaevaga Serenada<\/strong><\/li>\n<\/ul>\n<p><strong>APRILL<\/strong><\/p>\n<ul>\n<li><strong>LTT veini\u00f5htu<\/strong> (degustreemisega)<\/li>\n<li><a href=\"https:\/\/kjk.us4.list-manage.com\/track\/click?u=cb0a2a8a01bcb25776f5de3ce&#038;id=419bfcc703&#038;e=e8ae31ea10\"><strong>Anna-Liisa Taltsi <\/strong>vestlus\u00f5htu<\/a> saab toimuma kevadel, kui Anna-Liisa on end oma uues koduriigis sisse seadnud ning tuleb taas koju k\u00e4ima &#8211; hoiame oma liikmeid kursis kui t\u00e4pne kuup\u00e4ev ja kellaaeg teada!<\/li>\n<\/ul>\n<div>&#8211; <em>kui Sul on soov v\u00f5i idee m\u00f5neks vestlus\u00f5htuks &#8211;<\/em> anna sellest teada <a href=\"mailto:info@kjk.ee\">info@kjk.ee<\/a> aadresile<\/div>\n<\/div>\n<div><\/div>\n","protected":false},"excerpt":{"rendered":"<p>Teisip\u00e4eval, 17.veebruaril toimub j\u00e4rjekordne KJK Klubiliikmete vestlus\u00f5htu, kus peamiseks jututeemaks on &#8220;Draakon klass \u2013 v\u00f5imalused liitumiseks ja osalemine sellel suvel A. LE COQ 69. MUHU V\u00c4INA REGATIL Lisaks on plaanis jutul\u00f5nga lahti arutada teemadel: Draakoni ajalugu (kas teadsite, et Eestis ehitatud 900+ alust?) Purjetamise \u00f5ppe kurv \/ v\u00f5istlused \/ eelarve. Igale tasemel purjetajale ka vastased ja pingutus terve s\u00f5idu v\u00e4ltel.<a class=\"more-link\" href=\"https:\/\/kjk.ee\/en\/vestlusohtu-17-02-eesti-draakon-klassi-kes-nad-on-kus-nad-treenivad-ja-voistlevad-kuidas-nendega-koos-purjetada\/\">[Read More&#8230;]<\/a><\/p>\n","protected":false},"author":24,"featured_media":31617,"comment_status":"closed","ping_status":"closed","sticky":false,"template":"","format":"standard","meta":{"spay_email":"","jetpack_publicize_message":""},"categories":[167],"tags":[],"jetpack_featured_media_url":"https:\/\/kjk.ee\/wp-content\/uploads\/2026\/01\/draakon.jpg","jetpack_publicize_connections":[],"jetpack_sharing_enabled":true,"jetpack_shortlink":"https:\/\/wp.me\/paW3M4-8i3","_links":{"self":[{"href":"https:\/\/kjk.ee\/en\/wp-json\/wp\/v2\/posts\/31871"}],"collection":[{"href":"https:\/\/kjk.ee\/en\/wp-json\/wp\/v2\/posts"}],"about":[{"href":"https:\/\/kjk.ee\/en\/wp-json\/wp\/v2\/types\/post"}],"author":[{"embeddable":true,"href":"https:\/\/kjk.ee\/en\/wp-json\/wp\/v2\/users\/24"}],"replies":[{"embeddable":true,"href":"https:\/\/kjk.ee\/en\/wp-json\/wp\/v2\/comments?post=31871"}],"version-history":[{"count":8,"href":"https:\/\/kjk.ee\/en\/wp-json\/wp\/v2\/posts\/31871\/revisions"}],"predecessor-version":[{"id":32150,"href":"https:\/\/kjk.ee\/en\/wp-json\/wp\/v2\/posts\/31871\/revisions\/32150"}],"wp:featuredmedia":[{"embeddable":true,"href":"https:\/\/kjk.ee\/en\/wp-json\/wp\/v2\/media\/31617"}],"wp:attachment":[{"href":"https:\/\/kjk.ee\/en\/wp-json\/wp\/v2\/media?parent=31871"}],"wp:term":[{"taxonomy":"category","embeddable":true,"href":"https:\/\/kjk.ee\/en\/wp-json\/wp\/v2\/categories?post=31871"},{"taxonomy":"post_tag","embeddable":true,"href":"https:\/\/kjk.ee\/en\/wp-json\/wp\/v2\/tags?post=31871"}],"curies":[{"name":"wp","href":"https:\/\/api.w.org\/{rel}","templated":true}]}}