{"id":32269,"date":"2026-03-30T09:55:27","date_gmt":"2026-03-30T06:55:27","guid":{"rendered":"https:\/\/kjk.ee\/?p=32269"},"modified":"2026-03-30T12:49:48","modified_gmt":"2026-03-30T09:49:48","slug":"in-memoriam-kalevi-jahtklubi-auliige-vello-jurjo","status":"publish","type":"post","link":"https:\/\/kjk.ee\/en\/in-memoriam-kalevi-jahtklubi-auliige-vello-jurjo\/","title":{"rendered":"In memoriam \u2013 Kalevi Jahtklubi auliige VELLO J\u00dcRJO"},"content":{"rendered":"<h4><strong><a href=\"https:\/\/kjk.ee\/wp-content\/uploads\/2016\/10\/Vello-Jyrjo-1.jpg\"><img loading=\"lazy\" class=\"size-medium wp-image-5214 alignleft\" src=\"https:\/\/kjk.ee\/wp-content\/uploads\/2016\/10\/Vello-Jyrjo-1-300x225.jpg\" alt=\"\" width=\"300\" height=\"225\" srcset=\"https:\/\/kjk.ee\/wp-content\/uploads\/2016\/10\/Vello-Jyrjo-1-300x225.jpg 300w, https:\/\/kjk.ee\/wp-content\/uploads\/2016\/10\/Vello-Jyrjo-1-73x55.jpg 73w, https:\/\/kjk.ee\/wp-content\/uploads\/2016\/10\/Vello-Jyrjo-1-100x75.jpg 100w, https:\/\/kjk.ee\/wp-content\/uploads\/2016\/10\/Vello-Jyrjo-1-200x150.jpg 200w, https:\/\/kjk.ee\/wp-content\/uploads\/2016\/10\/Vello-Jyrjo-1-64x48.jpg 64w, https:\/\/kjk.ee\/wp-content\/uploads\/2016\/10\/Vello-Jyrjo-1-131x98.jpg 131w, https:\/\/kjk.ee\/wp-content\/uploads\/2016\/10\/Vello-Jyrjo-1.jpg 640w\" sizes=\"(max-width: 300px) 100vw, 300px\" \/><\/a>In memoriam \u2013 Kalevi Jahtklubi auliige VELLO J\u00dcRJO (25.10.1936 \u2013 28.03.2026)<\/strong><\/h4>\n<p>Lahkunud on Kalevi Jahtklubi auliige Vello J\u00fcrjo &#8211; oli j\u00e4\u00e4purjetaja, purjetaja ja kelkude ehitusmeister, kelle k\u00e4e all valmis v\u00e4hemalt 20 Monot\u00fc\u00fcp-XV j\u00e4\u00e4purjekat, 21 DN klassi kelku, 5 20m2 j\u00e4\u00e4purjekat ja 10 12m2 purjega j\u00e4\u00e4purjekat. Lisaks veel mitmeid Optiliuge ning aerod\u00fcnaamilisi tiibasid.<\/p>\n<p>Vello alustas oma purjetamisi juba 1953.aastal tollases ALMAV\u00dc jahtklubis M-klassi svertpaadi roolimehena. Hiljem purjetas ta ka Star-klassi paadiklassis, kus saavutati ka Eesti meistri tiitel. Seej\u00e4rel liikus Vello purjelaua juurde, mis ise valmis meisterdati. Ka purjelaudurina saavust Vello karikasarja ja Tartu meistritiitli. Kuniks saabus talv ning j\u00e4\u00e4purjetamine v\u00f5itis kindla esikoha legendi s\u00fcdames. Sellest ajast saati panustas Vello p\u00fchendunult j\u00e4\u00e4purjetamisse.<\/p>\n<p>Andeka ja t\u00f6\u00f6kate k\u00e4tega inimesena on ta aegade jooksul purjetamise heaks palju kasulikku teinud. Vello oli ka \u00fcks nendest, kes osales 1980.a. Ol\u00fcmpiam\u00e4ngude svertpaatide ehitamisel. K\u00f5ige selle k\u00f5rval aktiivselt v\u00f5istles ja v\u00f5itis Vello aga ka ise. Tal on k\u00f5iki kolme v\u00e4rvi medaleid k\u00f5igilt tollase N Liidu, N Liidu relvaj\u00f5udude ja Eesti meistriv\u00f5istlustelt nii purjetamises kui ka j\u00e4\u00e4purjetamises. Ta on t\u00e4naseni endise N Liidu kiirusrekordi (93,75 km\/h) omanik. Kui Vello p\u00e4rast l\u00fchikest pausi uuesti Monot\u00fc\u00fcp-XV klassis startis, oli ta endiselt heas vormis ja 1997.a. krooniti ta koos soodimees Matti Roosmaga Euroopa meistriteks. P\u00e4rast seda on ta tulnud EM v\u00f5istluste v\u00f5itjaks veel 1998., 2004. ja 2011. aastal.<\/p>\n<p>Ennek\u00f5ike j\u00e4\u00e4b Vello meelde inimesena \u2013 mehena, kes uskus, et kirg ei k\u00fcsi vanust ja et tuul ning j\u00e4\u00e4 annavad elule t\u00e4henduse. Viimased aastak\u00fcmned elas Vello Hiiumaal ning on ka Jahtklubi Dago auliige.<\/p>\n<div class=\"x14z9mp xat24cr x1lziwak x1vvkbs xtlvy1s x126k92a\">\n<div dir=\"auto\"><\/div>\n<\/div>\n","protected":false},"excerpt":{"rendered":"<p>In memoriam \u2013 Kalevi Jahtklubi auliige VELLO J\u00dcRJO (25.10.1936 \u2013 28.03.2026) Lahkunud on Kalevi Jahtklubi auliige Vello J\u00fcrjo &#8211; oli j\u00e4\u00e4purjetaja, purjetaja ja kelkude ehitusmeister, kelle k\u00e4e all valmis v\u00e4hemalt 20 Monot\u00fc\u00fcp-XV j\u00e4\u00e4purjekat, 21 DN klassi kelku, 5 20m2 j\u00e4\u00e4purjekat ja 10 12m2 purjega j\u00e4\u00e4purjekat. Lisaks veel mitmeid Optiliuge ning aerod\u00fcnaamilisi tiibasid. Vello alustas oma purjetamisi juba 1953.aastal tollases ALMAV\u00dc<a class=\"more-link\" href=\"https:\/\/kjk.ee\/en\/in-memoriam-kalevi-jahtklubi-auliige-vello-jurjo\/\">[Read More&#8230;]<\/a><\/p>\n","protected":false},"author":24,"featured_media":32273,"comment_status":"closed","ping_status":"closed","sticky":false,"template":"","format":"standard","meta":{"spay_email":"","jetpack_publicize_message":""},"categories":[167],"tags":[],"jetpack_featured_media_url":"https:\/\/kjk.ee\/wp-content\/uploads\/2026\/03\/Vello-Jyrjo-B-W.jpg","jetpack_publicize_connections":[],"jetpack_sharing_enabled":true,"jetpack_shortlink":"https:\/\/wp.me\/paW3M4-8ot","_links":{"self":[{"href":"https:\/\/kjk.ee\/en\/wp-json\/wp\/v2\/posts\/32269"}],"collection":[{"href":"https:\/\/kjk.ee\/en\/wp-json\/wp\/v2\/posts"}],"about":[{"href":"https:\/\/kjk.ee\/en\/wp-json\/wp\/v2\/types\/post"}],"author":[{"embeddable":true,"href":"https:\/\/kjk.ee\/en\/wp-json\/wp\/v2\/users\/24"}],"replies":[{"embeddable":true,"href":"https:\/\/kjk.ee\/en\/wp-json\/wp\/v2\/comments?post=32269"}],"version-history":[{"count":4,"href":"https:\/\/kjk.ee\/en\/wp-json\/wp\/v2\/posts\/32269\/revisions"}],"predecessor-version":[{"id":32272,"href":"https:\/\/kjk.ee\/en\/wp-json\/wp\/v2\/posts\/32269\/revisions\/32272"}],"wp:featuredmedia":[{"embeddable":true,"href":"https:\/\/kjk.ee\/en\/wp-json\/wp\/v2\/media\/32273"}],"wp:attachment":[{"href":"https:\/\/kjk.ee\/en\/wp-json\/wp\/v2\/media?parent=32269"}],"wp:term":[{"taxonomy":"category","embeddable":true,"href":"https:\/\/kjk.ee\/en\/wp-json\/wp\/v2\/categories?post=32269"},{"taxonomy":"post_tag","embeddable":true,"href":"https:\/\/kjk.ee\/en\/wp-json\/wp\/v2\/tags?post=32269"}],"curies":[{"name":"wp","href":"https:\/\/api.w.org\/{rel}","templated":true}]}}