{"id":32386,"date":"2026-04-26T08:13:10","date_gmt":"2026-04-26T05:13:10","guid":{"rendered":"https:\/\/kjk.ee\/?p=32386"},"modified":"2026-04-26T14:31:00","modified_gmt":"2026-04-26T11:31:00","slug":"puhapaevane-jahtide-veeskamine-on-edasi-lukatud-kella-1200ni","status":"publish","type":"post","link":"https:\/\/kjk.ee\/en\/puhapaevane-jahtide-veeskamine-on-edasi-lukatud-kella-1200ni\/","title":{"rendered":"P\u00dcHAP\u00c4EVANE jahtide veeskamine J\u00c4\u00c4B \u00c4RA!"},"content":{"rendered":"<h2><strong><a href=\"https:\/\/kjk.ee\/wp-content\/uploads\/2026\/03\/Kraana.jpg\"><img loading=\"lazy\" class=\"size-medium wp-image-32222 alignleft\" src=\"https:\/\/kjk.ee\/wp-content\/uploads\/2026\/03\/Kraana-300x225.jpg\" alt=\"\" width=\"300\" height=\"225\" srcset=\"https:\/\/kjk.ee\/wp-content\/uploads\/2026\/03\/Kraana-300x225.jpg 300w, https:\/\/kjk.ee\/wp-content\/uploads\/2026\/03\/Kraana-1024x768.jpg 1024w, https:\/\/kjk.ee\/wp-content\/uploads\/2026\/03\/Kraana-768x576.jpg 768w, https:\/\/kjk.ee\/wp-content\/uploads\/2026\/03\/Kraana-1536x1152.jpg 1536w, https:\/\/kjk.ee\/wp-content\/uploads\/2026\/03\/Kraana-73x55.jpg 73w, https:\/\/kjk.ee\/wp-content\/uploads\/2026\/03\/Kraana-100x75.jpg 100w, https:\/\/kjk.ee\/wp-content\/uploads\/2026\/03\/Kraana-200x150.jpg 200w, https:\/\/kjk.ee\/wp-content\/uploads\/2026\/03\/Kraana-64x48.jpg 64w, https:\/\/kjk.ee\/wp-content\/uploads\/2026\/03\/Kraana-131x98.jpg 131w, https:\/\/kjk.ee\/wp-content\/uploads\/2026\/03\/Kraana.jpg 2016w\" sizes=\"(max-width: 300px) 100vw, 300px\" \/><\/a>T\u00c4HELEPANU!<\/strong><\/h2>\n<h2>Uuendatud info kell 14:25 &#8211; p\u00fchap\u00e4evane t\u00f5stmine j\u00e4\u00e4b \u00e4ra! Esmasp\u00e4eval v\u00f5tab Sadamakapten reederitega \u00fchendust, millal ja kuidas t\u00f5stmine aset leiab!<\/h2>\n<h4>Uuendatud info kell 11:30 &#8211; p\u00fchap\u00e4evane t\u00f5stmise algusaeg on planeeritud kella 15:00 peale!<\/h4>\n<h4>P\u00dcHAP\u00c4EVANE jahtide veeskamine on EDASI L\u00dcKATUD KELLA 12:00ni! Kell 12:00 tuleb UUS OTSUS!<\/h4>\n<h2>Kehtima j\u00e4\u00e4b v\u00e4ljakuulutatud t\u00e4nane j\u00e4rjekord!<\/h2>\n<p><strong><a href=\"https:\/\/kjk.ee\/jahtide-veeskamise-ajakava-2026\/\" target=\"_blank\" rel=\"noopener noreferrer\">JAHTIDE VEESKAMISE AJAKAVA 2026<\/a><\/strong><\/p>\n","protected":false},"excerpt":{"rendered":"<p>T\u00c4HELEPANU! Uuendatud info kell 14:25 &#8211; p\u00fchap\u00e4evane t\u00f5stmine j\u00e4\u00e4b \u00e4ra! Esmasp\u00e4eval v\u00f5tab Sadamakapten reederitega \u00fchendust, millal ja kuidas t\u00f5stmine aset leiab! Uuendatud info kell 11:30 &#8211; p\u00fchap\u00e4evane t\u00f5stmise algusaeg on planeeritud kella 15:00 peale! P\u00dcHAP\u00c4EVANE jahtide veeskamine on EDASI L\u00dcKATUD KELLA 12:00ni! Kell 12:00 tuleb UUS OTSUS! Kehtima j\u00e4\u00e4b v\u00e4ljakuulutatud t\u00e4nane j\u00e4rjekord! JAHTIDE VEESKAMISE AJAKAVA 2026<\/p>\n","protected":false},"author":24,"featured_media":32222,"comment_status":"closed","ping_status":"closed","sticky":false,"template":"","format":"standard","meta":{"spay_email":"","jetpack_publicize_message":""},"categories":[1],"tags":[],"jetpack_featured_media_url":"https:\/\/kjk.ee\/wp-content\/uploads\/2026\/03\/Kraana.jpg","jetpack_publicize_connections":[],"jetpack_sharing_enabled":true,"jetpack_shortlink":"https:\/\/wp.me\/paW3M4-8qm","_links":{"self":[{"href":"https:\/\/kjk.ee\/en\/wp-json\/wp\/v2\/posts\/32386"}],"collection":[{"href":"https:\/\/kjk.ee\/en\/wp-json\/wp\/v2\/posts"}],"about":[{"href":"https:\/\/kjk.ee\/en\/wp-json\/wp\/v2\/types\/post"}],"author":[{"embeddable":true,"href":"https:\/\/kjk.ee\/en\/wp-json\/wp\/v2\/users\/24"}],"replies":[{"embeddable":true,"href":"https:\/\/kjk.ee\/en\/wp-json\/wp\/v2\/comments?post=32386"}],"version-history":[{"count":6,"href":"https:\/\/kjk.ee\/en\/wp-json\/wp\/v2\/posts\/32386\/revisions"}],"predecessor-version":[{"id":32391,"href":"https:\/\/kjk.ee\/en\/wp-json\/wp\/v2\/posts\/32386\/revisions\/32391"}],"wp:featuredmedia":[{"embeddable":true,"href":"https:\/\/kjk.ee\/en\/wp-json\/wp\/v2\/media\/32222"}],"wp:attachment":[{"href":"https:\/\/kjk.ee\/en\/wp-json\/wp\/v2\/media?parent=32386"}],"wp:term":[{"taxonomy":"category","embeddable":true,"href":"https:\/\/kjk.ee\/en\/wp-json\/wp\/v2\/categories?post=32386"},{"taxonomy":"post_tag","embeddable":true,"href":"https:\/\/kjk.ee\/en\/wp-json\/wp\/v2\/tags?post=32386"}],"curies":[{"name":"wp","href":"https:\/\/api.w.org\/{rel}","templated":true}]}}