{"id":3401,"date":"2015-10-23T08:12:29","date_gmt":"2015-10-23T08:12:29","guid":{"rendered":"http:\/\/www.kjk.ee\/?p=3401"},"modified":"2015-10-23T13:28:09","modified_gmt":"2015-10-23T13:28:09","slug":"vosaregatt-2015","status":"publish","type":"post","link":"https:\/\/kjk.ee\/en\/vosaregatt-2015\/","title":{"rendered":"V\u00f5saregatt 2015"},"content":{"rendered":"<p style=\"color: #141823;\">On saanud juba traditsiooniks, et peale KJK ametliku navigatsioonihooaja l\u00f5ppu ja enne jahtide v\u00e4lja t\u00f5stmist peetakse maha \u00fcks korralik \u201cV\u00f5saregatt\u201d. Nii ka sel aastal. Tavap\u00e4rase kolmap\u00e4evaregati ajal, 21. oktoobril regatt teoks sai. V\u00f5isteldi hea \u00e4raolemise ning r\u00e4ndama pandud, kuid seni ainult Blanca meeskonna hoida olnud karika nimele. V\u00f5iduajamine toimus LYS v\u00f5istlusv\u00e4\u00e4rtuse alusel (m\u00f5\u00f5dukiri ise pole oluline).<\/p>\n<p style=\"color: #141823;\"><a href=\"http:\/\/www.kjk.ee\/wp-content\/uploads\/2015\/10\/V\u00f5saregatt-2015-21102015-PS-8737.jpg\"><img loading=\"lazy\" class=\"aligncenter size-full wp-image-3402\" src=\"http:\/\/www.kjk.ee\/wp-content\/uploads\/2015\/10\/V\u00f5saregatt-2015-21102015-PS-8737.jpg\" alt=\"V\u00f5saregatt 2015 - 21102015 - PS-8737\" width=\"1024\" height=\"552\" srcset=\"https:\/\/kjk.ee\/wp-content\/uploads\/2015\/10\/V\u00f5saregatt-2015-21102015-PS-8737.jpg 1024w, https:\/\/kjk.ee\/wp-content\/uploads\/2015\/10\/V\u00f5saregatt-2015-21102015-PS-8737-300x161.jpg 300w, https:\/\/kjk.ee\/wp-content\/uploads\/2015\/10\/V\u00f5saregatt-2015-21102015-PS-8737-102x55.jpg 102w, https:\/\/kjk.ee\/wp-content\/uploads\/2015\/10\/V\u00f5saregatt-2015-21102015-PS-8737-89x48.jpg 89w, https:\/\/kjk.ee\/wp-content\/uploads\/2015\/10\/V\u00f5saregatt-2015-21102015-PS-8737-181x98.jpg 181w\" sizes=\"(max-width: 1024px) 100vw, 1024px\" \/><\/a><\/p>\n<p style=\"color: #141823;\">Kella 6 ajal startides oli p\u00e4ike juba loojunud ja karge s\u00fcgis\u00f5htu v\u00f5ttis v\u00f5imust. Ilmaprognoosi j\u00e4rgi lubatud tugevat tuult<span class=\"text_exposed_show\">\u00a0ei paistnud kusagilt ja peav\u00f5istlusjuht Toomas Soots otsustas v\u00f5istlust poole v\u00f5rra l\u00fchendada. Seilanud rannahoone juurest startides esmalt Pirita j\u00f5e muulisuu suunas vastutuule m\u00e4rgini ja sealt siis Kuulimuna toodrini, j\u00f5udsid jahid vastutuulem\u00e4rgini j\u00f5e suudmes tagasi p\u00e4rast ca tundi purjetamist pilkases pimeduses, vaid kuu veidikest valgust merele heites.<\/span><\/p>\n<div class=\"text_exposed_show\" style=\"color: #141823;\">\n<p>Osales 6 jahti, neist 5 folkbooti ja 1 Polaris. Folkboot P\u00e4rl suisa nii uus, et registreerimistunnistus kandis kuup\u00e4eva 14. oktoober. Seekord sai v\u00f5idu ja r\u00e4ndkarika Mikk K\u00f6\u00f6seli Greta, mille pardal Marielle jahi meeskonnaliikmed.<\/p>\n<p><a href=\"http:\/\/folkboot.ee\/2015\/10\/vosaregatt\/\" target=\"_blank\">V\u00f5saregati pikem ja p\u00f5hjalikum kokkuv\u00f5te purjetajate endi sulest.<\/a><\/p>\n<p><a href=\"http:\/\/www.kjk.ee\/wp-content\/uploads\/2015\/10\/KJK_V%C3%B5saregatt-2015_LYS_R1.htm\">Tulemused<\/a><\/p>\n<p><a href=\"https:\/\/www.facebook.com\/media\/set\/?set=a.1174162825933757.1073741946.113543688662348&#038;type=3\" target=\"_blank\">Pildigalerii<\/a> &#8211; Piret Salmistu<\/p>\n<\/div>\n","protected":false},"excerpt":{"rendered":"<p>On saanud juba traditsiooniks, et peale KJK ametliku navigatsioonihooaja l\u00f5ppu ja enne jahtide v\u00e4lja t\u00f5stmist peetakse maha \u00fcks korralik \u201cV\u00f5saregatt\u201d. Nii ka sel aastal. Tavap\u00e4rase kolmap\u00e4evaregati ajal, 21. oktoobril regatt teoks sai. V\u00f5isteldi hea \u00e4raolemise ning r\u00e4ndama pandud, kuid seni ainult Blanca meeskonna hoida olnud karika nimele. V\u00f5iduajamine toimus LYS v\u00f5istlusv\u00e4\u00e4rtuse alusel (m\u00f5\u00f5dukiri ise pole oluline). Kella 6 ajal startides<a class=\"more-link\" href=\"https:\/\/kjk.ee\/en\/vosaregatt-2015\/\">[Read More&#8230;]<\/a><\/p>\n","protected":false},"author":6,"featured_media":3402,"comment_status":"open","ping_status":"open","sticky":false,"template":"","format":"standard","meta":{"spay_email":"","jetpack_publicize_message":""},"categories":[1],"tags":[],"jetpack_featured_media_url":"https:\/\/kjk.ee\/wp-content\/uploads\/2015\/10\/V\u00f5saregatt-2015-21102015-PS-8737.jpg","jetpack_publicize_connections":[],"jetpack_sharing_enabled":true,"jetpack_shortlink":"https:\/\/wp.me\/paW3M4-SR","_links":{"self":[{"href":"https:\/\/kjk.ee\/en\/wp-json\/wp\/v2\/posts\/3401"}],"collection":[{"href":"https:\/\/kjk.ee\/en\/wp-json\/wp\/v2\/posts"}],"about":[{"href":"https:\/\/kjk.ee\/en\/wp-json\/wp\/v2\/types\/post"}],"author":[{"embeddable":true,"href":"https:\/\/kjk.ee\/en\/wp-json\/wp\/v2\/users\/6"}],"replies":[{"embeddable":true,"href":"https:\/\/kjk.ee\/en\/wp-json\/wp\/v2\/comments?post=3401"}],"version-history":[{"count":4,"href":"https:\/\/kjk.ee\/en\/wp-json\/wp\/v2\/posts\/3401\/revisions"}],"predecessor-version":[{"id":3411,"href":"https:\/\/kjk.ee\/en\/wp-json\/wp\/v2\/posts\/3401\/revisions\/3411"}],"wp:featuredmedia":[{"embeddable":true,"href":"https:\/\/kjk.ee\/en\/wp-json\/wp\/v2\/media\/3402"}],"wp:attachment":[{"href":"https:\/\/kjk.ee\/en\/wp-json\/wp\/v2\/media?parent=3401"}],"wp:term":[{"taxonomy":"category","embeddable":true,"href":"https:\/\/kjk.ee\/en\/wp-json\/wp\/v2\/categories?post=3401"},{"taxonomy":"post_tag","embeddable":true,"href":"https:\/\/kjk.ee\/en\/wp-json\/wp\/v2\/tags?post=3401"}],"curies":[{"name":"wp","href":"https:\/\/api.w.org\/{rel}","templated":true}]}}