{"id":3776,"date":"2016-02-04T13:31:20","date_gmt":"2016-02-04T13:31:20","guid":{"rendered":"http:\/\/www.kjk.ee\/?p=3776"},"modified":"2016-02-04T13:33:04","modified_gmt":"2016-02-04T13:33:04","slug":"mikk-koosel-saab-ev-presidendilt-valgetahe-medali","status":"publish","type":"post","link":"https:\/\/kjk.ee\/en\/mikk-koosel-saab-ev-presidendilt-valgetahe-medali\/","title":{"rendered":"Mikk K\u00f6\u00f6sel saab EV Presidendilt Valget\u00e4he medali"},"content":{"rendered":"<p><span style=\"color: #141823;\">Uhke tunnustus &#8211; Eesti Folkbootide flotilli eestvedaja, Kalev Jahtklubi liige Mikk K\u00f6\u00f6sel saab purjespordi edendamise eest EV Presidendi Valget\u00e4he medali!\u00a0<\/span><br style=\"color: #141823;\" \/><a href=\"http:\/\/www.postimees.ee\/3570577\/presidendilt-saab-sel-aastal-teenetemargi-99-inimest\">Loe uudist Postimehes<\/a><\/p>\n<p><iframe src=\"https:\/\/www.youtube.com\/embed\/RPVJX5kyvQI?rel=0\" width=\"560\" height=\"315\" frameborder=\"0\" allowfullscreen=\"allowfullscreen\"><\/iframe><\/p>\n<p><span style=\"color: #141823;\">Ligi 15 aastat tagasi ostis Mikk K\u00f6\u00f6sel omale folkboodi ja s\u00f5itis aastaid ainsa folkboodina Muhu V\u00e4ina regatti kaasa. T\u00e4na on Kalev Jahtklubis folkbootidele eraldatud terve ujuvkai, folkbootide flotill on kasvanud ja kasvanud, Muhu V\u00e4ina regatil peetakse selle klas<\/span><span class=\"text_exposed_show\" style=\"color: #141823;\">si Eesti Meistriv\u00f5istlusi ning <a href=\"%20http:\/\/folkboot.ee\/muhu_vain_2016\/\">k\u00e4esoleva aasta regatile on oodata juba 17 alust<\/a>!\u00a0<\/span>Suurep\u00e4rane!<\/p>\n<p><span class=\"text_exposed_show\" style=\"color: #141823;\">Palju \u00f5nne, Mikk, Sulle selle tunnustuse eest!!<\/span><\/p>\n<p><a href=\"http:\/\/www.kjk.ee\/wp-content\/uploads\/2016\/02\/EV-Presidendi-autasud.jpg\"><img loading=\"lazy\" class=\"aligncenter size-full wp-image-3778\" src=\"http:\/\/www.kjk.ee\/wp-content\/uploads\/2016\/02\/EV-Presidendi-autasud.jpg\" alt=\"EV Presidendi autasud\" width=\"648\" height=\"298\" srcset=\"https:\/\/kjk.ee\/wp-content\/uploads\/2016\/02\/EV-Presidendi-autasud.jpg 648w, https:\/\/kjk.ee\/wp-content\/uploads\/2016\/02\/EV-Presidendi-autasud-300x137.jpg 300w, https:\/\/kjk.ee\/wp-content\/uploads\/2016\/02\/EV-Presidendi-autasud-119x55.jpg 119w, https:\/\/kjk.ee\/wp-content\/uploads\/2016\/02\/EV-Presidendi-autasud-104x48.jpg 104w, https:\/\/kjk.ee\/wp-content\/uploads\/2016\/02\/EV-Presidendi-autasud-213x98.jpg 213w\" sizes=\"(max-width: 648px) 100vw, 648px\" \/><\/a><\/p>\n<p style=\"text-align: center;\"><em>Foto: Peeter Langovits, Postimees<\/em><\/p>\n","protected":false},"excerpt":{"rendered":"<p>Uhke tunnustus &#8211; Eesti Folkbootide flotilli eestvedaja, Kalev Jahtklubi liige Mikk K\u00f6\u00f6sel saab purjespordi edendamise eest EV Presidendi Valget\u00e4he medali!\u00a0Loe uudist Postimehes Ligi 15 aastat tagasi ostis Mikk K\u00f6\u00f6sel omale folkboodi ja s\u00f5itis aastaid ainsa folkboodina Muhu V\u00e4ina regatti kaasa. T\u00e4na on Kalev Jahtklubis folkbootidele eraldatud terve ujuvkai, folkbootide flotill on kasvanud ja kasvanud, Muhu V\u00e4ina regatil peetakse selle klassi<a class=\"more-link\" href=\"https:\/\/kjk.ee\/en\/mikk-koosel-saab-ev-presidendilt-valgetahe-medali\/\">[Read More&#8230;]<\/a><\/p>\n","protected":false},"author":6,"featured_media":3777,"comment_status":"open","ping_status":"open","sticky":false,"template":"","format":"standard","meta":{"spay_email":"","jetpack_publicize_message":""},"categories":[1],"tags":[],"jetpack_featured_media_url":"https:\/\/kjk.ee\/wp-content\/uploads\/2016\/02\/Muhu-V\u00e4in-2013_Greta-EST5_kapten-Mikk-K\u00f6\u00f6sel-Kalev-Jahtklubi_Foto-Piret-Salmistu-Kalev-Jahtklubi.jpg","jetpack_publicize_connections":[],"jetpack_sharing_enabled":true,"jetpack_shortlink":"https:\/\/wp.me\/paW3M4-YU","_links":{"self":[{"href":"https:\/\/kjk.ee\/en\/wp-json\/wp\/v2\/posts\/3776"}],"collection":[{"href":"https:\/\/kjk.ee\/en\/wp-json\/wp\/v2\/posts"}],"about":[{"href":"https:\/\/kjk.ee\/en\/wp-json\/wp\/v2\/types\/post"}],"author":[{"embeddable":true,"href":"https:\/\/kjk.ee\/en\/wp-json\/wp\/v2\/users\/6"}],"replies":[{"embeddable":true,"href":"https:\/\/kjk.ee\/en\/wp-json\/wp\/v2\/comments?post=3776"}],"version-history":[{"count":4,"href":"https:\/\/kjk.ee\/en\/wp-json\/wp\/v2\/posts\/3776\/revisions"}],"predecessor-version":[{"id":5232,"href":"https:\/\/kjk.ee\/en\/wp-json\/wp\/v2\/posts\/3776\/revisions\/5232"}],"wp:featuredmedia":[{"embeddable":true,"href":"https:\/\/kjk.ee\/en\/wp-json\/wp\/v2\/media\/3777"}],"wp:attachment":[{"href":"https:\/\/kjk.ee\/en\/wp-json\/wp\/v2\/media?parent=3776"}],"wp:term":[{"taxonomy":"category","embeddable":true,"href":"https:\/\/kjk.ee\/en\/wp-json\/wp\/v2\/categories?post=3776"},{"taxonomy":"post_tag","embeddable":true,"href":"https:\/\/kjk.ee\/en\/wp-json\/wp\/v2\/tags?post=3776"}],"curies":[{"name":"wp","href":"https:\/\/api.w.org\/{rel}","templated":true}]}}