{"id":3887,"date":"2016-04-15T13:36:05","date_gmt":"2016-04-15T13:36:05","guid":{"rendered":"http:\/\/www.kjk.ee\/?p=3887"},"modified":"2016-04-15T13:36:05","modified_gmt":"2016-04-15T13:36:05","slug":"tonu-toniste-valiti-eesti-olumpiakomitee-asepresidendiks","status":"publish","type":"post","link":"https:\/\/kjk.ee\/en\/tonu-toniste-valiti-eesti-olumpiakomitee-asepresidendiks\/","title":{"rendered":"T\u00f5nu T\u00f5niste valiti Eesti Ol\u00fcmpiakomitee asepresidendiks"},"content":{"rendered":"<p><a href=\"http:\/\/www.kjk.ee\/wp-content\/uploads\/2016\/04\/TT.-Karli-Saul-1280x870-1024x696.jpg\"><img loading=\"lazy\" class=\"alignleft wp-image-3888\" src=\"http:\/\/www.kjk.ee\/wp-content\/uploads\/2016\/04\/TT.-Karli-Saul-1280x870-1024x696-300x203.jpg\" alt=\"????????????\" width=\"400\" height=\"272\" srcset=\"https:\/\/kjk.ee\/wp-content\/uploads\/2016\/04\/TT.-Karli-Saul-1280x870-1024x696-300x203.jpg 300w, https:\/\/kjk.ee\/wp-content\/uploads\/2016\/04\/TT.-Karli-Saul-1280x870-1024x696-80x55.jpg 80w, https:\/\/kjk.ee\/wp-content\/uploads\/2016\/04\/TT.-Karli-Saul-1280x870-1024x696-70x48.jpg 70w, https:\/\/kjk.ee\/wp-content\/uploads\/2016\/04\/TT.-Karli-Saul-1280x870-1024x696-144x98.jpg 144w, https:\/\/kjk.ee\/wp-content\/uploads\/2016\/04\/TT.-Karli-Saul-1280x870-1024x696.jpg 1024w\" sizes=\"(max-width: 400px) 100vw, 400px\" \/><\/a><\/p>\n<p>T\u00e4na, 15. aprillil 2016. a toimunud Eesti Ol\u00fcmpiakomitee t\u00e4iskogu koosolekul valiti uueks EOK presidendiks Urmas S\u00f5\u00f5rumaa. Asepresidentideks valiti T\u00f5nu T\u00f5niste ja J\u00fcri Tamm.<\/p>\n<p><b>EOK juhtkonna valimiste tulemused<\/b><\/p>\n<p><span style=\"text-decoration: underline;\">Presidendi valimiste I h\u00e4\u00e4letusvoor<\/span><\/p>\n<p>J\u00fcri Ratas 55 h\u00e4\u00e4lt<\/p>\n<p>Urmas S\u00f5\u00f5rumaa 37 h\u00e4\u00e4lt<\/p>\n<p>T\u00f5nu T\u00f5niste 29 h\u00e4\u00e4lt<\/p>\n<p><span style=\"text-decoration: underline;\">Presidendi valimiste II h\u00e4\u00e4letusvoor<\/span><\/p>\n<p>Urmas S\u00f5\u00f5rumaa 61 h\u00e4\u00e4lt<\/p>\n<p>J\u00fcri Ratas 60 h\u00e4\u00e4lt<\/p>\n<p>Valitud asepresidendid:\u00a0T\u00f5nu T\u00f5niste ja J\u00fcri Tamm<\/p>\n<p>Uus t\u00e4itevkomitee koosseis:\u00a0Urmas Paet, Anne Rei, Karol Kovanen, Toomas T\u00f5nise, Marko Kaljuveer, Riho Terras, Oliver Kruuda, Reet H\u00e4\u00e4l, Hanno Pevkur, Mati Alaver, Helir-Valdor Seeder, Mihhail K\u00f5lvart, Erki Nool, Kristjan J\u00e4rvi<\/p>\n<p>Lisaks otsustas t\u00e4iskogu nimetada Eesti Ol\u00fcmpiakomitee auliikmeteks Sven Kolga ja Rein Haljand.<\/p>\n<p>Sokos Hotell Viru konverentsikeskuses toimunud EOK t\u00e4iskogu koosolekul h\u00e4\u00e4letasid k\u00f5ik 121 liiget.<\/p>\n<p>Eesti spordi katusorganisatsioonina seisab Eesti Ol\u00fcmpiakomitee ausa m\u00e4ngu p\u00f5him\u00f5tete ja ol\u00fcmpiav\u00e4\u00e4rtuste eest. EOK tagab tippsportlaste ettevalmistuse ja osalemise tiitliv\u00f5istlustel, viib ellu noorsportlastele suunatud j\u00e4relkasvuprogramme ning suurendab positiivsete eeskujude kaudu liikumisharrastuse kandepinda. EOK t\u00f6\u00f6d toetavad suures osas Eesti ettev\u00f5tted. EOK sponsorid on Telia, ERGO, Ilves Extra, JCDecaux, Monton, NIKE, Olympic Casino, Paf, Silberauto.<\/p>\n<p>Allikas: Eesti Ol\u00fcmpiakomitee<\/p>\n","protected":false},"excerpt":{"rendered":"<p>T\u00e4na, 15. aprillil 2016. a toimunud Eesti Ol\u00fcmpiakomitee t\u00e4iskogu koosolekul valiti uueks EOK presidendiks Urmas S\u00f5\u00f5rumaa. Asepresidentideks valiti T\u00f5nu T\u00f5niste ja J\u00fcri Tamm. EOK juhtkonna valimiste tulemused Presidendi valimiste I h\u00e4\u00e4letusvoor J\u00fcri Ratas 55 h\u00e4\u00e4lt Urmas S\u00f5\u00f5rumaa 37 h\u00e4\u00e4lt T\u00f5nu T\u00f5niste 29 h\u00e4\u00e4lt Presidendi valimiste II h\u00e4\u00e4letusvoor Urmas S\u00f5\u00f5rumaa 61 h\u00e4\u00e4lt J\u00fcri Ratas 60 h\u00e4\u00e4lt Valitud asepresidendid:\u00a0T\u00f5nu T\u00f5niste ja J\u00fcri<a class=\"more-link\" href=\"https:\/\/kjk.ee\/en\/tonu-toniste-valiti-eesti-olumpiakomitee-asepresidendiks\/\">[Read More&#8230;]<\/a><\/p>\n","protected":false},"author":6,"featured_media":3888,"comment_status":"open","ping_status":"open","sticky":false,"template":"","format":"standard","meta":{"spay_email":"","jetpack_publicize_message":""},"categories":[1],"tags":[],"jetpack_featured_media_url":"https:\/\/kjk.ee\/wp-content\/uploads\/2016\/04\/TT.-Karli-Saul-1280x870-1024x696.jpg","jetpack_publicize_connections":[],"jetpack_sharing_enabled":true,"jetpack_shortlink":"https:\/\/wp.me\/paW3M4-10H","_links":{"self":[{"href":"https:\/\/kjk.ee\/en\/wp-json\/wp\/v2\/posts\/3887"}],"collection":[{"href":"https:\/\/kjk.ee\/en\/wp-json\/wp\/v2\/posts"}],"about":[{"href":"https:\/\/kjk.ee\/en\/wp-json\/wp\/v2\/types\/post"}],"author":[{"embeddable":true,"href":"https:\/\/kjk.ee\/en\/wp-json\/wp\/v2\/users\/6"}],"replies":[{"embeddable":true,"href":"https:\/\/kjk.ee\/en\/wp-json\/wp\/v2\/comments?post=3887"}],"version-history":[{"count":2,"href":"https:\/\/kjk.ee\/en\/wp-json\/wp\/v2\/posts\/3887\/revisions"}],"predecessor-version":[{"id":3890,"href":"https:\/\/kjk.ee\/en\/wp-json\/wp\/v2\/posts\/3887\/revisions\/3890"}],"wp:featuredmedia":[{"embeddable":true,"href":"https:\/\/kjk.ee\/en\/wp-json\/wp\/v2\/media\/3888"}],"wp:attachment":[{"href":"https:\/\/kjk.ee\/en\/wp-json\/wp\/v2\/media?parent=3887"}],"wp:term":[{"taxonomy":"category","embeddable":true,"href":"https:\/\/kjk.ee\/en\/wp-json\/wp\/v2\/categories?post=3887"},{"taxonomy":"post_tag","embeddable":true,"href":"https:\/\/kjk.ee\/en\/wp-json\/wp\/v2\/tags?post=3887"}],"curies":[{"name":"wp","href":"https:\/\/api.w.org\/{rel}","templated":true}]}}