{"id":3959,"date":"2016-05-02T13:35:35","date_gmt":"2016-05-02T13:35:35","guid":{"rendered":"http:\/\/www.kjk.ee\/?p=3959"},"modified":"2016-05-02T13:41:27","modified_gmt":"2016-05-02T13:41:27","slug":"kalev-jahtklubi-avas-2016-a-purjetamishooaja","status":"publish","type":"post","link":"https:\/\/kjk.ee\/en\/kalev-jahtklubi-avas-2016-a-purjetamishooaja\/","title":{"rendered":"Kalev Jahtklubi avas 2016.a purjetamishooaja"},"content":{"rendered":"<p>Nagu traditsiooniks saanud, avas Kalev Jahtklubi 1. mail 2016.a purjetamishooaja. Kauaoodatud kevad n\u00e4itas klubiliikmetele ja purjetajatele oma s\u00f5bralikumat palet ja soojendas klubi Lipuv\u00e4ljakule kogunenud meres\u00f5pru. Kell 11 lausus kommodoor Kalev Vapper tervituss\u00f5nad, meenutas hea s\u00f5naga 2015.a edukat ja teguderohket hooaega ning soovis 2016.a hooajaks edu ja kordaminekuid. Tuttavaks saadi hiljuti ametisse asunud uus klubi\u00fclem Ren\u00e8 Allikuga ja kommodoor soovis \u00f5nne ka \u00e4sja EOK asepresidendiks valitud klubi juhatuse liikmele T\u00f5nu T\u00f5nistele. Klubi lipu heiskamise au kuulus talvel EV Presidendilt purjetamise ja Folkboot klassi edendamise eest auraha saanud Mikk K\u00f6\u00f6selile. Juttu ja m\u00f5nusat olemist jagus seniks, kuni purjetajatel tuli minna merele, et hooaeg traditsioonilise Seiko Cup KJK avamerepurjetamise karikasarja Avav\u00f5istlusega avatuks purjetada.<\/p>\n<div id=\"new-royalslider-17\" class=\"royalSlider new-royalslider-17 rsUni rs-default-template\" style=\"width:100%;height:400px;;\">\n<div class=\"rsContent\">\n  <img class=\"rsImg\" src=\"https:\/\/kjk.ee\/wp-content\/uploads\/2016\/05\/KJK-lipu-heiskamine-01052016-PS-9649-1024x768.jpg\" alt=\"Kalev Jahtklubi 2016.a hooaja avamine 01.05.2016\"\/>\n  \n  \n  \n<\/div>\n<div class=\"rsContent\">\n  <img class=\"rsImg\" src=\"https:\/\/kjk.ee\/wp-content\/uploads\/2016\/05\/KJK-lipu-heiskamine-01052016-PS-9618-1024x768.jpg\" alt=\"Kalev Jahtklubi 2016.a hooaja avamine 01.05.2016\"\/>\n  \n  \n  \n<\/div>\n<div class=\"rsContent\">\n  <img class=\"rsImg\" src=\"https:\/\/kjk.ee\/wp-content\/uploads\/2016\/05\/KJK-lipu-heiskamine-01052016-PS-9621-1024x682.jpg\" alt=\"Kalev Jahtklubi 2016.a hooaja avamine 01.05.2016\"\/>\n  \n  \n  \n<\/div>\n<div class=\"rsContent\">\n  <img class=\"rsImg\" src=\"https:\/\/kjk.ee\/wp-content\/uploads\/2016\/05\/KJK-lipu-heiskamine-01052016-PS-9622-1024x768.jpg\" alt=\"Kalev Jahtklubi 2016.a hooaja avamine 01.05.2016\"\/>\n  \n  \n  \n<\/div>\n<div class=\"rsContent\">\n  <img class=\"rsImg\" src=\"https:\/\/kjk.ee\/wp-content\/uploads\/2016\/05\/KJK-lipu-heiskamine-01052016-PS-9625-1024x576.jpg\" alt=\"Kalev Jahtklubi 2016.a hooaja avamine 01.05.2016\"\/>\n  \n  \n  \n<\/div>\n<div class=\"rsContent\">\n  <img class=\"rsImg\" src=\"https:\/\/kjk.ee\/wp-content\/uploads\/2016\/05\/KJK-lipu-heiskamine-01052016-PS-9626-1024x682.jpg\" alt=\"Kalev Jahtklubi 2016.a hooaja avamine 01.05.2016\"\/>\n  \n  \n  \n<\/div>\n<div class=\"rsContent\">\n  <img class=\"rsImg\" src=\"https:\/\/kjk.ee\/wp-content\/uploads\/2016\/05\/KJK-lipu-heiskamine-01052016-PS-9624-682x1024.jpg\" alt=\"Kalev Jahtklubi 2016.a hooaja avamine 01.05.2016\"\/>\n  \n  \n  \n<\/div>\n<div class=\"rsContent\">\n  <img class=\"rsImg\" src=\"https:\/\/kjk.ee\/wp-content\/uploads\/2016\/05\/KJK-lipu-heiskamine-01052016-PS-9627-1024x768.jpg\" alt=\"Kalev Jahtklubi 2016.a hooaja avamine 01.05.2016\"\/>\n  \n  \n  \n<\/div>\n<div class=\"rsContent\">\n  <img class=\"rsImg\" src=\"https:\/\/kjk.ee\/wp-content\/uploads\/2016\/05\/KJK-lipu-heiskamine-01052016-PS-9628-682x1024.jpg\" alt=\"Kalev Jahtklubi 2016.a hooaja avamine 01.05.2016\"\/>\n  \n  \n  \n<\/div>\n<div class=\"rsContent\">\n  <img class=\"rsImg\" src=\"https:\/\/kjk.ee\/wp-content\/uploads\/2016\/05\/KJK-lipu-heiskamine-01052016-PS-9631-682x1024.jpg\" alt=\"Kalev Jahtklubi 2016.a hooaja avamine 01.05.2016\"\/>\n  \n  \n  \n<\/div>\n<div class=\"rsContent\">\n  <img class=\"rsImg\" src=\"https:\/\/kjk.ee\/wp-content\/uploads\/2016\/05\/KJK-lipu-heiskamine-01052016-PS-9632-1024x768.jpg\" alt=\"Kalev Jahtklubi 2016.a hooaja avamine 01.05.2016\"\/>\n  \n  \n  \n<\/div>\n<div class=\"rsContent\">\n  <img class=\"rsImg\" src=\"https:\/\/kjk.ee\/wp-content\/uploads\/2016\/05\/KJK-lipu-heiskamine-01052016-PS-9623-1024x768.jpg\" alt=\"Kalev Jahtklubi 2016.a hooaja avamine 01.05.2016\"\/>\n  \n  \n  \n<\/div>\n<div class=\"rsContent\">\n  <img class=\"rsImg\" src=\"https:\/\/kjk.ee\/wp-content\/uploads\/2016\/05\/KJK-lipu-heiskamine-01052016-PS-9640-1024x768.jpg\" alt=\"Kalev Jahtklubi 2016.a hooaja avamine 01.05.2016\"\/>\n  \n  \n  \n<\/div>\n<div class=\"rsContent\">\n  <img class=\"rsImg\" src=\"https:\/\/kjk.ee\/wp-content\/uploads\/2016\/05\/KJK-lipu-heiskamine-01052016-PS-9637-1024x768.jpg\" alt=\"Kalev Jahtklubi 2016.a hooaja avamine 01.05.2016\"\/>\n  \n  \n  \n<\/div>\n<div class=\"rsContent\">\n  <img class=\"rsImg\" src=\"https:\/\/kjk.ee\/wp-content\/uploads\/2016\/05\/KJK-lipu-heiskamine-01052016-PS-9643-1024x768.jpg\" alt=\"Kalev Jahtklubi 2016.a hooaja avamine 01.05.2016\"\/>\n  \n  \n  \n<\/div>\n<div class=\"rsContent\">\n  <img class=\"rsImg\" src=\"https:\/\/kjk.ee\/wp-content\/uploads\/2016\/05\/KJK-lipu-heiskamine-01052016-PS-9642-1024x682.jpg\" alt=\"Kalev Jahtklubi 2016.a hooaja avamine 01.05.2016\"\/>\n  \n  \n  \n<\/div>\n<div class=\"rsContent\">\n  <img class=\"rsImg\" src=\"https:\/\/kjk.ee\/wp-content\/uploads\/2016\/05\/KJK-lipu-heiskamine-01052016-PS-9638-1024x768.jpg\" alt=\"Kalev Jahtklubi 2016.a hooaja avamine 01.05.2016\"\/>\n  \n  \n  \n<\/div>\n<div class=\"rsContent\">\n  <img class=\"rsImg\" src=\"https:\/\/kjk.ee\/wp-content\/uploads\/2016\/05\/KJK-lipu-heiskamine-01052016-PS-9635-1024x768.jpg\" alt=\"Kalev Jahtklubi 2016.a hooaja avamine 01.05.2016\"\/>\n  \n  \n  \n<\/div>\n<div class=\"rsContent\">\n  <img class=\"rsImg\" src=\"https:\/\/kjk.ee\/wp-content\/uploads\/2016\/05\/KJK-lipu-heiskamine-01052016-PS-9633-1024x768.jpg\" alt=\"Kalev Jahtklubi 2016.a hooaja avamine 01.05.2016\"\/>\n  \n  \n  \n<\/div>\n<div class=\"rsContent\">\n  <img class=\"rsImg\" src=\"https:\/\/kjk.ee\/wp-content\/uploads\/2016\/05\/KJK-lipu-heiskamine-01052016-PS-9639-1024x768.jpg\" alt=\"Kalev Jahtklubi 2016.a hooaja avamine 01.05.2016\"\/>\n  \n  \n  \n<\/div>\n<div class=\"rsContent\">\n  <img class=\"rsImg\" src=\"https:\/\/kjk.ee\/wp-content\/uploads\/2016\/05\/KJK-lipu-heiskamine-01052016-PS-9641-1024x768.jpg\" alt=\"Kalev Jahtklubi 2016.a hooaja avamine 01.05.2016\"\/>\n  \n  \n  \n<\/div>\n<div class=\"rsContent\">\n  <img class=\"rsImg\" src=\"https:\/\/kjk.ee\/wp-content\/uploads\/2016\/05\/KJK-lipu-heiskamine-01052016-PS-9646-768x1024.jpg\" alt=\"Kalev Jahtklubi 2016.a hooaja avamine 01.05.2016\"\/>\n  \n  \n  \n<\/div>\n<div class=\"rsContent\">\n  <img class=\"rsImg\" src=\"https:\/\/kjk.ee\/wp-content\/uploads\/2016\/05\/KJK-lipu-heiskamine-01052016-PS-9644-1024x682.jpg\" alt=\"Kalev Jahtklubi 2016.a hooaja avamine 01.05.2016\"\/>\n  \n  \n  \n<\/div>\n<div class=\"rsContent\">\n  <img class=\"rsImg\" src=\"https:\/\/kjk.ee\/wp-content\/uploads\/2016\/05\/KJK-lipu-heiskamine-01052016-PS-9652-1024x682.jpg\" alt=\"Kalev Jahtklubi 2016.a hooaja avamine 01.05.2016\"\/>\n  \n  \n  \n<\/div>\n<div class=\"rsContent\">\n  <img class=\"rsImg\" src=\"https:\/\/kjk.ee\/wp-content\/uploads\/2016\/05\/KJK-lipu-heiskamine-01052016-PS-9654-768x1024.jpg\" alt=\"Kalev Jahtklubi 2016.a hooaja avamine 01.05.2016\"\/>\n  \n  \n  \n<\/div>\n\n<\/div>\n\n","protected":false},"excerpt":{"rendered":"<p>Nagu traditsiooniks saanud, avas Kalev Jahtklubi 1. mail 2016.a purjetamishooaja. Kauaoodatud kevad n\u00e4itas klubiliikmetele ja purjetajatele oma s\u00f5bralikumat palet ja soojendas klubi Lipuv\u00e4ljakule kogunenud meres\u00f5pru. Kell 11 lausus kommodoor Kalev Vapper tervituss\u00f5nad, meenutas hea s\u00f5naga 2015.a edukat ja teguderohket hooaega ning soovis 2016.a hooajaks edu ja kordaminekuid. Tuttavaks saadi hiljuti ametisse asunud uus klubi\u00fclem Ren\u00e8 Allikuga ja kommodoor soovis \u00f5nne<a class=\"more-link\" href=\"https:\/\/kjk.ee\/en\/kalev-jahtklubi-avas-2016-a-purjetamishooaja\/\">[Read More&#8230;]<\/a><\/p>\n","protected":false},"author":6,"featured_media":3960,"comment_status":"open","ping_status":"open","sticky":false,"template":"","format":"standard","meta":{"spay_email":"","jetpack_publicize_message":""},"categories":[1],"tags":[8],"jetpack_featured_media_url":"https:\/\/kjk.ee\/wp-content\/uploads\/2016\/05\/KJK-lipu-heiskamine-01052016-PS-9649-e1462392108459.jpg","jetpack_publicize_connections":[],"jetpack_sharing_enabled":true,"jetpack_shortlink":"https:\/\/wp.me\/paW3M4-11R","_links":{"self":[{"href":"https:\/\/kjk.ee\/en\/wp-json\/wp\/v2\/posts\/3959"}],"collection":[{"href":"https:\/\/kjk.ee\/en\/wp-json\/wp\/v2\/posts"}],"about":[{"href":"https:\/\/kjk.ee\/en\/wp-json\/wp\/v2\/types\/post"}],"author":[{"embeddable":true,"href":"https:\/\/kjk.ee\/en\/wp-json\/wp\/v2\/users\/6"}],"replies":[{"embeddable":true,"href":"https:\/\/kjk.ee\/en\/wp-json\/wp\/v2\/comments?post=3959"}],"version-history":[{"count":2,"href":"https:\/\/kjk.ee\/en\/wp-json\/wp\/v2\/posts\/3959\/revisions"}],"predecessor-version":[{"id":3986,"href":"https:\/\/kjk.ee\/en\/wp-json\/wp\/v2\/posts\/3959\/revisions\/3986"}],"wp:featuredmedia":[{"embeddable":true,"href":"https:\/\/kjk.ee\/en\/wp-json\/wp\/v2\/media\/3960"}],"wp:attachment":[{"href":"https:\/\/kjk.ee\/en\/wp-json\/wp\/v2\/media?parent=3959"}],"wp:term":[{"taxonomy":"category","embeddable":true,"href":"https:\/\/kjk.ee\/en\/wp-json\/wp\/v2\/categories?post=3959"},{"taxonomy":"post_tag","embeddable":true,"href":"https:\/\/kjk.ee\/en\/wp-json\/wp\/v2\/tags?post=3959"}],"curies":[{"name":"wp","href":"https:\/\/api.w.org\/{rel}","templated":true}]}}