{"id":4586,"date":"2016-08-03T11:59:54","date_gmt":"2016-08-03T11:59:54","guid":{"rendered":"http:\/\/www.kjk.ee\/?p=4586"},"modified":"2016-08-03T15:21:10","modified_gmt":"2016-08-03T15:21:10","slug":"parkimiskorraldus-kuni-14-augustini","status":"publish","type":"post","link":"https:\/\/kjk.ee\/en\/parkimiskorraldus-kuni-14-augustini\/","title":{"rendered":"Parkimiskorraldus kuni 14. augustini"},"content":{"rendered":"<p>Head klubiliikmed!<\/p>\n<p>Seoses F-18 P\u00f5hjamaade Meistriv\u00f5istlustega 05.-07. augustil ja Laser Radial U-19 Euroopa Meistriv\u00f5istluste ettevalmistuste ja toimumisega 07.-14. augustil palun alates t\u00e4nasest kuni 14. augustini klubi liikmetel oma autosid sadamasse mitte parkida.<\/p>\n<p><a href=\"http:\/\/kjk.us4.list-manage.com\/track\/click?u=cb0a2a8a01bcb25776f5de3ce&#038;id=7df42f9d36&#038;e=ca2a5a34fa\">Laser Radial U-19 Euroopa MV kodulehek\u00fclg<\/a><\/p>\n<p>Loodan klubiliikmete m\u00f5istvale suhtumisele, v\u00f5istluste edukas l\u00e4biviimine ja \u00f5nnestumine on meie klubi jaoks v\u00e4ga oluline.<\/p>\n<p>Jahtklubi \u00fclem<br \/>\n<a href=\"http:\/\/www.euroradialyouth2016.com\/\" rel=\"attachment wp-att-4587\"><img loading=\"lazy\" class=\"aligncenter size-full wp-image-4587\" src=\"http:\/\/www.kjk.ee\/wp-content\/uploads\/2016\/08\/Laser-Youth-EM-2016-logo.jpg\" alt=\"Laser Youth EM 2016 logo\" width=\"328\" height=\"272\" srcset=\"https:\/\/kjk.ee\/wp-content\/uploads\/2016\/08\/Laser-Youth-EM-2016-logo.jpg 328w, https:\/\/kjk.ee\/wp-content\/uploads\/2016\/08\/Laser-Youth-EM-2016-logo-300x249.jpg 300w, https:\/\/kjk.ee\/wp-content\/uploads\/2016\/08\/Laser-Youth-EM-2016-logo-66x55.jpg 66w, https:\/\/kjk.ee\/wp-content\/uploads\/2016\/08\/Laser-Youth-EM-2016-logo-58x48.jpg 58w, https:\/\/kjk.ee\/wp-content\/uploads\/2016\/08\/Laser-Youth-EM-2016-logo-118x98.jpg 118w\" sizes=\"(max-width: 328px) 100vw, 328px\" \/><\/a><\/p>\n","protected":false},"excerpt":{"rendered":"<p>Head klubiliikmed! Seoses F-18 P\u00f5hjamaade Meistriv\u00f5istlustega 05.-07. augustil ja Laser Radial U-19 Euroopa Meistriv\u00f5istluste ettevalmistuste ja toimumisega 07.-14. augustil palun alates t\u00e4nasest kuni 14. augustini klubi liikmetel oma autosid sadamasse mitte parkida. Laser Radial U-19 Euroopa MV kodulehek\u00fclg Loodan klubiliikmete m\u00f5istvale suhtumisele, v\u00f5istluste edukas l\u00e4biviimine ja \u00f5nnestumine on meie klubi jaoks v\u00e4ga oluline. Jahtklubi \u00fclem<\/p>\n","protected":false},"author":6,"featured_media":314,"comment_status":"open","ping_status":"open","sticky":false,"template":"","format":"standard","meta":{"spay_email":"","jetpack_publicize_message":""},"categories":[1],"tags":[],"jetpack_featured_media_url":"https:\/\/kjk.ee\/wp-content\/uploads\/2014\/04\/aero_kjk_low.jpg","jetpack_publicize_connections":[],"jetpack_sharing_enabled":true,"jetpack_shortlink":"https:\/\/wp.me\/paW3M4-1bY","_links":{"self":[{"href":"https:\/\/kjk.ee\/en\/wp-json\/wp\/v2\/posts\/4586"}],"collection":[{"href":"https:\/\/kjk.ee\/en\/wp-json\/wp\/v2\/posts"}],"about":[{"href":"https:\/\/kjk.ee\/en\/wp-json\/wp\/v2\/types\/post"}],"author":[{"embeddable":true,"href":"https:\/\/kjk.ee\/en\/wp-json\/wp\/v2\/users\/6"}],"replies":[{"embeddable":true,"href":"https:\/\/kjk.ee\/en\/wp-json\/wp\/v2\/comments?post=4586"}],"version-history":[{"count":2,"href":"https:\/\/kjk.ee\/en\/wp-json\/wp\/v2\/posts\/4586\/revisions"}],"predecessor-version":[{"id":4589,"href":"https:\/\/kjk.ee\/en\/wp-json\/wp\/v2\/posts\/4586\/revisions\/4589"}],"wp:featuredmedia":[{"embeddable":true,"href":"https:\/\/kjk.ee\/en\/wp-json\/wp\/v2\/media\/314"}],"wp:attachment":[{"href":"https:\/\/kjk.ee\/en\/wp-json\/wp\/v2\/media?parent=4586"}],"wp:term":[{"taxonomy":"category","embeddable":true,"href":"https:\/\/kjk.ee\/en\/wp-json\/wp\/v2\/categories?post=4586"},{"taxonomy":"post_tag","embeddable":true,"href":"https:\/\/kjk.ee\/en\/wp-json\/wp\/v2\/tags?post=4586"}],"curies":[{"name":"wp","href":"https:\/\/api.w.org\/{rel}","templated":true}]}}