{"id":4594,"date":"2016-08-03T20:34:12","date_gmt":"2016-08-03T20:34:12","guid":{"rendered":"http:\/\/www.kjk.ee\/?p=4594"},"modified":"2016-08-04T07:25:57","modified_gmt":"2016-08-04T07:25:57","slug":"voidusoit-tuulevaikusega","status":"publish","type":"post","link":"https:\/\/kjk.ee\/en\/voidusoit-tuulevaikusega\/","title":{"rendered":"V\u00f5idus\u00f5it tuulevaikusega"},"content":{"rendered":"<p>Marinepool \u2013 Kalev Kahtklubi Kolmap\u00e4evaregati t\u00e4nase s\u00f5idu tuuleprognoos oli kasinav\u00f5itu ja k\u00f5hklused s\u00f5idu toimumise kohta p\u00e4ris tugevad. Reaalselt merel tuult kontrollides selgus, et s\u00f5it saab siiski alguse ja 55 v\u00f5stlusjanus meeskonda on valmis silmitsi seisma mistahes ilmaoludega, ka tuulevaikusega. XII s\u00f5it oli \u00fcles ehitatud stardi eel ja ajal \u00fcle Tallinna lahe l\u00e4\u00e4ne suunast liikunud tumedale pilvele, \u00f5igemini selle alusele tuulele, mis stardi hetkel puhus reipalt 5 m\/s. Kuna sobivaid navigatsioonim\u00e4rke l\u00e4hedudes ei asunud ja hirm tuule t\u00e4ieliku vaikimise ees oli \u00fclisuur, sai v\u00f5istlemiseks vastu-allatuulerada &#8211; ORC gruppidele pikkusega 4 miili ja LYS gruppidele 2 miili. Algne Inshore rada muutus peale tuule keeramist \u00fcle kolmek\u00fcmne kraadi Offshoreks vastavalt V\u00f5istlusjuhiste muudatustele ja tulemused ORC gruppidele arvutati Offshore meetodiga. 140% oma grupi esimese raja l\u00e4bimise ajast avatud olnud fini\u0161 j\u00e4ttis seekord hulga jahte punktideta.<\/p>\n<p><em>Tekst Elle Bubert<\/em><\/p>\n<p><a href=\"https:\/\/www.facebook.com\/Kalev.Jahtklubi\/photos\/?tab=album&#038;album_id=1374445825905455\"><em>Fotod &#8211; Berit Hainoja\/KJK<\/em><\/a><\/p>\n<div id=\"attachment_4602\" style=\"width: 700px\" class=\"wp-caption aligncenter\"><a href=\"http:\/\/www.kjk.ee\/voidusoit-tuulevaikusega\/0t5a6845\/\" rel=\"attachment wp-att-4602\"><img aria-describedby=\"caption-attachment-4602\" loading=\"lazy\" class=\"size-large wp-image-4602\" src=\"http:\/\/www.kjk.ee\/wp-content\/uploads\/2016\/08\/0T5A6845-1024x592.jpg\" alt=\"12. Marinepool-Kalev Jahtklubi kolmap\u00e4evaregatt - 03.08.2016 Kalev Jahtklubi, Pirita, Tallinn  Fotod (c) Berit Hainoja\/KJK\" width=\"690\" height=\"399\" srcset=\"https:\/\/kjk.ee\/wp-content\/uploads\/2016\/08\/0T5A6845-1024x592.jpg 1024w, https:\/\/kjk.ee\/wp-content\/uploads\/2016\/08\/0T5A6845-300x173.jpg 300w, https:\/\/kjk.ee\/wp-content\/uploads\/2016\/08\/0T5A6845-768x444.jpg 768w, https:\/\/kjk.ee\/wp-content\/uploads\/2016\/08\/0T5A6845-95x55.jpg 95w, https:\/\/kjk.ee\/wp-content\/uploads\/2016\/08\/0T5A6845-83x48.jpg 83w, https:\/\/kjk.ee\/wp-content\/uploads\/2016\/08\/0T5A6845-170x98.jpg 170w\" sizes=\"(max-width: 690px) 100vw, 690px\" \/><\/a><p id=\"caption-attachment-4602\" class=\"wp-caption-text\">12. Marinepool-Kalev Jahtklubi kolmap\u00e4evaregatt &#8211; 03.08.2016 &#8211;\u00a0Kalev Jahtklubi, Pirita, Tallinn<br \/>Foto (c) Berit Hainoja\/KJK<\/p><\/div>\n<p><strong>Marinepool \u2013 Kalev Jahtklubi Kolmap\u00e4evaregati 12. s\u00f5idu esikolmikud:<\/strong><\/p>\n<p>ORC I<br \/>\nI koht PREMIUM\u00a0 kapten Priit Tammem\u00e4gi<br \/>\nII koht\u00a0 REVAL CAFE\u00a0 kapten Eero Pank<br \/>\nIII koht OLYMPIC\u00a0 kapten Tiit Vihul<\/p>\n<p>ORC II<br \/>\nI koht BRIGITTA X kapten\u00a0 Aleksandr Karboinov<br \/>\nII koht \u00a0MATILDA 3 kapten\u00a0 Erki Teras<br \/>\nIII koht AMSERV TOYOTA ST kapten\u00a0 Margus Zuravljov<\/p>\n<p>LYS I<br \/>\nI koht BLANCA kapten Jaan Tiidemann<br \/>\nII koht LEILA kapten Priit P\u00f5ldmaa<br \/>\nIII koht FANATIC kapten Ain-Eke Jalasto<\/p>\n<p>LYS II<br \/>\nI koht\u00a0 RIGTH NOW kapten Jevgeni Kazakov<br \/>\nII koht VIRU kapten Indrek Pikk<br \/>\nIII koht FAROZON kapten Maarja Kask<\/p>\n<p>Juulikuu paremik selgus vaid kahe peetud s\u00f5idu eest saadud punktisumma alusel. Peale j\u00e4rgmise s\u00f5idu esikolmikute autasustamist toimub Kalev Jahtklubi lipuv\u00e4ljakul ka eelmise kuu k\u00f5igi nelja grupi parimate tunnustamine.<\/p>\n<div id=\"attachment_4604\" style=\"width: 700px\" class=\"wp-caption aligncenter\"><a href=\"http:\/\/www.kjk.ee\/voidusoit-tuulevaikusega\/0t5a7173\/\" rel=\"attachment wp-att-4604\"><img aria-describedby=\"caption-attachment-4604\" loading=\"lazy\" class=\"size-large wp-image-4604\" src=\"http:\/\/www.kjk.ee\/wp-content\/uploads\/2016\/08\/0T5A7173-1024x742.jpg\" alt=\"12. Marinepool-Kalev Jahtklubi kolmap\u00e4evaregatt - 03.08.2016 - Kalev Jahtklubi, Pirita, Tallinn Foto (c) Berit Hainoja\/KJK\" width=\"690\" height=\"500\" srcset=\"https:\/\/kjk.ee\/wp-content\/uploads\/2016\/08\/0T5A7173-1024x742.jpg 1024w, https:\/\/kjk.ee\/wp-content\/uploads\/2016\/08\/0T5A7173-300x217.jpg 300w, https:\/\/kjk.ee\/wp-content\/uploads\/2016\/08\/0T5A7173-768x557.jpg 768w, https:\/\/kjk.ee\/wp-content\/uploads\/2016\/08\/0T5A7173-76x55.jpg 76w, https:\/\/kjk.ee\/wp-content\/uploads\/2016\/08\/0T5A7173-66x48.jpg 66w, https:\/\/kjk.ee\/wp-content\/uploads\/2016\/08\/0T5A7173-135x98.jpg 135w\" sizes=\"(max-width: 690px) 100vw, 690px\" \/><\/a><p id=\"caption-attachment-4604\" class=\"wp-caption-text\">12. Marinepool-Kalev Jahtklubi kolmap\u00e4evaregatt &#8211; 03.08.2016 &#8211; Kalev Jahtklubi, Pirita, Tallinn<br \/>Foto (c) Berit Hainoja\/KJK<\/p><\/div>\n<p><strong>Juuli parimad:<\/strong><\/p>\n<p>ORC I<br \/>\nI koht FORTE\u00a0 kapten Jaak J\u00f5gi \u2013 14 punkti<br \/>\nII koht MY CAR\u00a0 kapten Andres Laul &#8211; 7 punkti<br \/>\nIII koht PREMIUM\u00a0 kapten Priit Tammem\u00e4gi \u2013 6 punkti<\/p>\n<p>ORC II<br \/>\nI koht BRIGITTA X kapten\u00a0 Aleksandr Karboinov \u2013 17 punkti<br \/>\nII koht SILVA kapten\u00a0 Jaanus Talp \u201312 punkti<br \/>\nIII koht ADELE\u00a0 kapten Alekasander Zolotov \u2013 11 punkti<\/p>\n<p>LYS I<br \/>\nI koht FANATIC kapten Ain-Eke Jalasto \u2013 20 punkti<br \/>\nII koht BLANCA kapten Jaan Tiidemann -15 punkti<br \/>\nIII koht RED HOT kapten Risto Laidla -14 punkti<\/p>\n<p>LYS II<br \/>\nI koht\u00a0 VIRU kapten Indrek Pikk \u2013 34 punkti<br \/>\nII koht ESTELLA kapten Alar Laan \u2013 33 punkti<br \/>\nIII koht MARIA kapten Eerik-Kristjan Keerend \u2013 27 punkti<\/p>\n<p><a href=\"http:\/\/www.kjk.ee\/event\/12-kjk-kolmapaevaregatt\/\">Tulemused<\/a><\/p>\n","protected":false},"excerpt":{"rendered":"<p>Marinepool \u2013 Kalev Kahtklubi Kolmap\u00e4evaregati t\u00e4nase s\u00f5idu tuuleprognoos oli kasinav\u00f5itu ja k\u00f5hklused s\u00f5idu toimumise kohta p\u00e4ris tugevad. Reaalselt merel tuult kontrollides selgus, et s\u00f5it saab siiski alguse ja 55 v\u00f5stlusjanus meeskonda on valmis silmitsi seisma mistahes ilmaoludega, ka tuulevaikusega. XII s\u00f5it oli \u00fcles ehitatud stardi eel ja ajal \u00fcle Tallinna lahe l\u00e4\u00e4ne suunast liikunud tumedale pilvele, \u00f5igemini selle alusele tuulele,<a class=\"more-link\" href=\"https:\/\/kjk.ee\/en\/voidusoit-tuulevaikusega\/\">[Read More&#8230;]<\/a><\/p>\n","protected":false},"author":24,"featured_media":4595,"comment_status":"open","ping_status":"open","sticky":false,"template":"","format":"standard","meta":{"spay_email":"","jetpack_publicize_message":""},"categories":[1],"tags":[14,8,13,154],"jetpack_featured_media_url":"https:\/\/kjk.ee\/wp-content\/uploads\/2016\/08\/20160803_191118_RichtoneHDR.jpg","jetpack_publicize_connections":[],"jetpack_sharing_enabled":true,"jetpack_shortlink":"https:\/\/wp.me\/paW3M4-1c6","_links":{"self":[{"href":"https:\/\/kjk.ee\/en\/wp-json\/wp\/v2\/posts\/4594"}],"collection":[{"href":"https:\/\/kjk.ee\/en\/wp-json\/wp\/v2\/posts"}],"about":[{"href":"https:\/\/kjk.ee\/en\/wp-json\/wp\/v2\/types\/post"}],"author":[{"embeddable":true,"href":"https:\/\/kjk.ee\/en\/wp-json\/wp\/v2\/users\/24"}],"replies":[{"embeddable":true,"href":"https:\/\/kjk.ee\/en\/wp-json\/wp\/v2\/comments?post=4594"}],"version-history":[{"count":3,"href":"https:\/\/kjk.ee\/en\/wp-json\/wp\/v2\/posts\/4594\/revisions"}],"predecessor-version":[{"id":4597,"href":"https:\/\/kjk.ee\/en\/wp-json\/wp\/v2\/posts\/4594\/revisions\/4597"}],"wp:featuredmedia":[{"embeddable":true,"href":"https:\/\/kjk.ee\/en\/wp-json\/wp\/v2\/media\/4595"}],"wp:attachment":[{"href":"https:\/\/kjk.ee\/en\/wp-json\/wp\/v2\/media?parent=4594"}],"wp:term":[{"taxonomy":"category","embeddable":true,"href":"https:\/\/kjk.ee\/en\/wp-json\/wp\/v2\/categories?post=4594"},{"taxonomy":"post_tag","embeddable":true,"href":"https:\/\/kjk.ee\/en\/wp-json\/wp\/v2\/tags?post=4594"}],"curies":[{"name":"wp","href":"https:\/\/api.w.org\/{rel}","templated":true}]}}