{"id":4692,"date":"2016-08-12T19:27:59","date_gmt":"2016-08-12T19:27:59","guid":{"rendered":"http:\/\/www.kjk.ee\/?p=4692"},"modified":"2016-08-12T19:27:59","modified_gmt":"2016-08-12T19:27:59","slug":"laser-radial-noorte-euroopa-meistrivoistlustel-kaib-tipus-tihe-rebimine","status":"publish","type":"post","link":"https:\/\/kjk.ee\/en\/laser-radial-noorte-euroopa-meistrivoistlustel-kaib-tipus-tihe-rebimine\/","title":{"rendered":"Laser Radial noorte Euroopa meistriv\u00f5istlustel k\u00e4ib tipus tihe rebimine"},"content":{"rendered":"<p><strong>12. august 2016 \u2013 Tallinn, Eesti \u2013 <\/strong>Kalev Jahtklubis Tallinnas toimuvatel Laser Radial klassi noorte Euroopa meistriv\u00f5istlustel oli t\u00e4na neljas v\u00f5istlusp\u00e4ev. Mida p\u00e4ev edasi, seda tihedamaks rebimine l\u00e4heb ja seda n\u00e4itasid ka t\u00e4nased kaks v\u00f5istluss\u00f5itu. Kuna poisid jagati eile eels\u00f5itude paremusj\u00e4rjestuse j\u00e4rgi kuld- ja h\u00f5befliiti, oli t\u00e4nases kuldfliidis purjetamine juba nii pingeline, et p\u00e4rast mitut \u00fcldist valestarti l\u00e4ks k\u00e4iku must lipp ja musta lipu stardikaristuse sai esimeses s\u00f5idus kirja suisa 11 purjetajat. P\u00e4eva l\u00f5puks on poiste uueks liidriks Liam Glynn Iirimaalt ja t\u00fcdrukute liidrina j\u00e4tkab Carolina Albano Itaaliast, kuid v\u00f5rdse arvu punktidega sakslanna Hannah Anderssohniga.<\/p>\n<div id=\"attachment_4693\" style=\"width: 700px\" class=\"wp-caption aligncenter\"><a href=\"http:\/\/www.kjk.ee\/laser-radial-noorte-euroopa-meistrivoistlustel-kaib-tipus-tihe-rebimine\/tallinradialyouth2016-4305\/\" rel=\"attachment wp-att-4693\"><img aria-describedby=\"caption-attachment-4693\" loading=\"lazy\" class=\"size-large wp-image-4693\" src=\"http:\/\/www.kjk.ee\/wp-content\/uploads\/2016\/08\/TALLINRADIALYOUTH2016-4305-1024x423.jpg\" alt=\"Laser Radial Noorte Euroopa Meistriv\u00f5istlused 2016 - 12.08.2016 - foto Alberto Sanchez \" width=\"690\" height=\"285\" srcset=\"https:\/\/kjk.ee\/wp-content\/uploads\/2016\/08\/TALLINRADIALYOUTH2016-4305-1024x423.jpg 1024w, https:\/\/kjk.ee\/wp-content\/uploads\/2016\/08\/TALLINRADIALYOUTH2016-4305-300x124.jpg 300w, https:\/\/kjk.ee\/wp-content\/uploads\/2016\/08\/TALLINRADIALYOUTH2016-4305-768x317.jpg 768w, https:\/\/kjk.ee\/wp-content\/uploads\/2016\/08\/TALLINRADIALYOUTH2016-4305-133x55.jpg 133w, https:\/\/kjk.ee\/wp-content\/uploads\/2016\/08\/TALLINRADIALYOUTH2016-4305-116x48.jpg 116w, https:\/\/kjk.ee\/wp-content\/uploads\/2016\/08\/TALLINRADIALYOUTH2016-4305-237x98.jpg 237w, https:\/\/kjk.ee\/wp-content\/uploads\/2016\/08\/TALLINRADIALYOUTH2016-4305.jpg 2000w\" sizes=\"(max-width: 690px) 100vw, 690px\" \/><\/a><p id=\"caption-attachment-4693\" class=\"wp-caption-text\">Laser Radial Noorte Euroopa Meistriv\u00f5istlused 2016 &#8211; 12.08.2016 &#8211; foto Alberto Sanchez<\/p><\/div>\n<p>Nii nagu eile, ei l\u00e4inud ka t\u00e4nane p\u00e4ev merel ilma viivitusteta. Hommikul kell 11 kaks esimest katset anda start poiste kuldfliidile, eba\u00f5nnestus \u00fcldiste valel\u00e4hete t\u00f5ttu, sest suurem osa laevastikust oli \u00fcle stardiliini enne lubatud aega. Kolmas katse s\u00f5it startida musta lipuga \u00f5nnestus, kuid s\u00f5it tuli katkestada l\u00e4\u00e4nde p\u00f6\u00f6ranud tuule t\u00f5ttu, mis tegi rajal\u00e4bimise sellise tuulega m\u00f5ttetuks. Edasi j\u00e4tkus pikk ootamine, et tuul muutuks \u00fchtlaseks ja saaks raja sobivaks korrigeerida. Nii saadi uus start anda alles p\u00e4rast kella 13 p\u00e4rastl\u00f5unal ja j\u00e4llegi \u2013 esimene katse oli \u00fcldine valestart, kuid p\u00e4rast seda said nii kaks poiste flliti kui ka t\u00fcdrukud kenasti rajale purjetama ja saadi j\u00e4rjest purjetada kaks korralikku v\u00f5istluss\u00f5itu.<\/p>\n<div id=\"attachment_4694\" style=\"width: 700px\" class=\"wp-caption aligncenter\"><a href=\"http:\/\/www.kjk.ee\/laser-radial-noorte-euroopa-meistrivoistlustel-kaib-tipus-tihe-rebimine\/tallinradialyouth2016-2899\/\" rel=\"attachment wp-att-4694\"><img aria-describedby=\"caption-attachment-4694\" loading=\"lazy\" class=\"size-large wp-image-4694\" src=\"http:\/\/www.kjk.ee\/wp-content\/uploads\/2016\/08\/TALLINRADIALYOUTH2016-2899-1024x621.jpg\" alt=\"Liam Glynn IRL210978 - Laser Radial Noorte Euroopa Meistriv\u00f5istlused 2016 - 11.08.2016 - foto Alberto Sanchez \" width=\"690\" height=\"418\" srcset=\"https:\/\/kjk.ee\/wp-content\/uploads\/2016\/08\/TALLINRADIALYOUTH2016-2899-1024x621.jpg 1024w, https:\/\/kjk.ee\/wp-content\/uploads\/2016\/08\/TALLINRADIALYOUTH2016-2899-300x182.jpg 300w, https:\/\/kjk.ee\/wp-content\/uploads\/2016\/08\/TALLINRADIALYOUTH2016-2899-768x465.jpg 768w, https:\/\/kjk.ee\/wp-content\/uploads\/2016\/08\/TALLINRADIALYOUTH2016-2899-91x55.jpg 91w, https:\/\/kjk.ee\/wp-content\/uploads\/2016\/08\/TALLINRADIALYOUTH2016-2899-79x48.jpg 79w, https:\/\/kjk.ee\/wp-content\/uploads\/2016\/08\/TALLINRADIALYOUTH2016-2899-162x98.jpg 162w, https:\/\/kjk.ee\/wp-content\/uploads\/2016\/08\/TALLINRADIALYOUTH2016-2899.jpg 2000w\" sizes=\"(max-width: 690px) 100vw, 690px\" \/><\/a><p id=\"caption-attachment-4694\" class=\"wp-caption-text\">Liam Glynn IRL210978 &#8211; Laser Radial Noorte Euroopa Meistriv\u00f5istlused 2016 &#8211; 11.08.2016 &#8211; foto Alberto Sanchez<\/p><\/div>\n<p>Poiste arvestuses toimus aktiivne kohtade \u00fcmberjagamine. Eilselt teiselt kohalt t\u00f5usis liidriks iirlane Liam Glynn (t\u00e4na 4-9), kes juhib n\u00fc\u00fcd kaheksateistk\u00fcmne punktiga. Suurima t\u00f5usu \u2013 \u00fcheksa kohta, tegi Nico Steenbuck, s\u00f5ites t\u00e4na v\u00e4lja teise ja kolmanda koha, kaotades liidrile kolm punkti. Senine liider, noor Daniil Krutskikh v\u00f5ttis k\u00fcll j\u00e4rjekordse v\u00f5idu t\u00e4nasest esimesest s\u00f5idust, kuid pidi esikoha loovutama t\u00e4nase teise s\u00f5idu kahek\u00fcmne teise resultaadi t\u00f5ttu ning on n\u00fc\u00fcd kolmandal kohal, j\u00e4\u00e4des teisest kohast maha kolm punkti. Eilne kolmas, Daniel Whiteley \u00a0kaotas oma positsiooni esimeses s\u00f5idus saadud musta lipu karistuse t\u00f5ttu (70-1), samas v\u00f5itis ta t\u00e4nase teise s\u00f5idu ja on n\u00fc\u00fcd \u00fche punkti kaugusel kolmandast kohast. Viiendal kohal on eilne neljas, Paolo Giargia Itaaliast (15-8) ja neljateistk\u00fcmnendalt kohalt t\u00f5usis kuuendaks Milo Gill-Taylor Inglismaalt (18-4).<\/p>\n<p>Noorte U-17 poiste arvestuses on endiselt juhtimas Daniil Krutskikh, teisel kohal Milo Gill-Taylor ja kolmandal Orestis Germano K\u00fcproselt, olles \u00fcldarvestuses kahek\u00fcmne teisel kohal.<\/p>\n<p>Ainsa eestlasena kuldfliiti p\u00e4\u00e4senud Tavo Annus Rein Ottosoni Purjespordikoolist sai t\u00e4na kirja 39nda ja 54nda resultaadi ning on neljak\u00fcmne kaheksandal kohal.<\/p>\n<div id=\"attachment_4695\" style=\"width: 700px\" class=\"wp-caption aligncenter\"><a href=\"http:\/\/www.kjk.ee\/laser-radial-noorte-euroopa-meistrivoistlustel-kaib-tipus-tihe-rebimine\/tallinradialyouth2016-3963\/\" rel=\"attachment wp-att-4695\"><img aria-describedby=\"caption-attachment-4695\" loading=\"lazy\" class=\"size-large wp-image-4695\" src=\"http:\/\/www.kjk.ee\/wp-content\/uploads\/2016\/08\/TALLINRADIALYOUTH2016-3963-1024x519.jpg\" alt=\"Carolina Albano ITA210760 - Neidude arvestuse liider - Laser Radial Noorte Euroopa Meistriv\u00f5istlused 2016 - 12.08.2016 - foto Alberto Sanchez \" width=\"690\" height=\"350\" srcset=\"https:\/\/kjk.ee\/wp-content\/uploads\/2016\/08\/TALLINRADIALYOUTH2016-3963-1024x519.jpg 1024w, https:\/\/kjk.ee\/wp-content\/uploads\/2016\/08\/TALLINRADIALYOUTH2016-3963-300x152.jpg 300w, https:\/\/kjk.ee\/wp-content\/uploads\/2016\/08\/TALLINRADIALYOUTH2016-3963-768x389.jpg 768w, https:\/\/kjk.ee\/wp-content\/uploads\/2016\/08\/TALLINRADIALYOUTH2016-3963-109x55.jpg 109w, https:\/\/kjk.ee\/wp-content\/uploads\/2016\/08\/TALLINRADIALYOUTH2016-3963-95x48.jpg 95w, https:\/\/kjk.ee\/wp-content\/uploads\/2016\/08\/TALLINRADIALYOUTH2016-3963-193x98.jpg 193w, https:\/\/kjk.ee\/wp-content\/uploads\/2016\/08\/TALLINRADIALYOUTH2016-3963.jpg 2000w\" sizes=\"(max-width: 690px) 100vw, 690px\" \/><\/a><p id=\"caption-attachment-4695\" class=\"wp-caption-text\">Carolina Albano ITA210760 &#8211; Neidude arvestuse liider &#8211; Laser Radial Noorte Euroopa Meistriv\u00f5istlused 2016 &#8211; 12.08.2016 &#8211; foto Alberto Sanchez<\/p><\/div>\n<div id=\"attachment_4696\" style=\"width: 700px\" class=\"wp-caption aligncenter\"><a href=\"http:\/\/www.kjk.ee\/laser-radial-noorte-euroopa-meistrivoistlustel-kaib-tipus-tihe-rebimine\/tallinradialyouth2016-4035\/\" rel=\"attachment wp-att-4696\"><img aria-describedby=\"caption-attachment-4696\" loading=\"lazy\" class=\"size-large wp-image-4696\" src=\"http:\/\/www.kjk.ee\/wp-content\/uploads\/2016\/08\/TALLINRADIALYOUTH2016-4035-1024x486.jpg\" alt=\"Hannah Anderssohn GER210151 - Laser Radial Noorte Euroopa Meistriv\u00f5istlused 2016 - 12.08.2016 - foto Alberto Sanchez \" width=\"690\" height=\"327\" srcset=\"https:\/\/kjk.ee\/wp-content\/uploads\/2016\/08\/TALLINRADIALYOUTH2016-4035-1024x486.jpg 1024w, https:\/\/kjk.ee\/wp-content\/uploads\/2016\/08\/TALLINRADIALYOUTH2016-4035-300x143.jpg 300w, https:\/\/kjk.ee\/wp-content\/uploads\/2016\/08\/TALLINRADIALYOUTH2016-4035-768x365.jpg 768w, https:\/\/kjk.ee\/wp-content\/uploads\/2016\/08\/TALLINRADIALYOUTH2016-4035-116x55.jpg 116w, https:\/\/kjk.ee\/wp-content\/uploads\/2016\/08\/TALLINRADIALYOUTH2016-4035-101x48.jpg 101w, https:\/\/kjk.ee\/wp-content\/uploads\/2016\/08\/TALLINRADIALYOUTH2016-4035-206x98.jpg 206w, https:\/\/kjk.ee\/wp-content\/uploads\/2016\/08\/TALLINRADIALYOUTH2016-4035.jpg 2000w\" sizes=\"(max-width: 690px) 100vw, 690px\" \/><\/a><p id=\"caption-attachment-4696\" class=\"wp-caption-text\">Hannah Anderssohn GER210151 &#8211; Laser Radial Noorte Euroopa Meistriv\u00f5istlused 2016 &#8211; 12.08.2016 &#8211; foto Alberto Sanchez<\/p><\/div>\n<div id=\"attachment_4697\" style=\"width: 700px\" class=\"wp-caption aligncenter\"><a href=\"http:\/\/www.kjk.ee\/laser-radial-noorte-euroopa-meistrivoistlustel-kaib-tipus-tihe-rebimine\/tallinradialyouth2016-4026\/\" rel=\"attachment wp-att-4697\"><img aria-describedby=\"caption-attachment-4697\" loading=\"lazy\" class=\"size-large wp-image-4697\" src=\"http:\/\/www.kjk.ee\/wp-content\/uploads\/2016\/08\/TALLINRADIALYOUTH2016-4026-1024x550.jpg\" alt=\"Aoife Hopkins IRL205770 - Laser Radial Noorte Euroopa Meistriv\u00f5istlused 2016 - 12.08.2016 - foto Alberto Sanchez \" width=\"690\" height=\"371\" srcset=\"https:\/\/kjk.ee\/wp-content\/uploads\/2016\/08\/TALLINRADIALYOUTH2016-4026-1024x550.jpg 1024w, https:\/\/kjk.ee\/wp-content\/uploads\/2016\/08\/TALLINRADIALYOUTH2016-4026-300x161.jpg 300w, https:\/\/kjk.ee\/wp-content\/uploads\/2016\/08\/TALLINRADIALYOUTH2016-4026-768x412.jpg 768w, https:\/\/kjk.ee\/wp-content\/uploads\/2016\/08\/TALLINRADIALYOUTH2016-4026-102x55.jpg 102w, https:\/\/kjk.ee\/wp-content\/uploads\/2016\/08\/TALLINRADIALYOUTH2016-4026-89x48.jpg 89w, https:\/\/kjk.ee\/wp-content\/uploads\/2016\/08\/TALLINRADIALYOUTH2016-4026-182x98.jpg 182w, https:\/\/kjk.ee\/wp-content\/uploads\/2016\/08\/TALLINRADIALYOUTH2016-4026.jpg 2000w\" sizes=\"(max-width: 690px) 100vw, 690px\" \/><\/a><p id=\"caption-attachment-4697\" class=\"wp-caption-text\">Aoife Hopkins IRL205770 &#8211; Laser Radial Noorte Euroopa Meistriv\u00f5istlused 2016 &#8211; 12.08.2016 &#8211; foto Alberto Sanchez<\/p><\/div>\n<p>Nii nagu senistel p\u00e4evadel, on stabiilset seeriat j\u00e4tkates neidude liider Carolina Albano Itaaliast (t\u00e4na 2-3), kuid endiselt on teisel kohal Albanoga v\u00f5rdse arvu punktidega (t\u00e4na 3-1) Hannah Anderssohn Saksamaalt, kellest vaid \u00fche punkti j\u00e4\u00e4b maha t\u00e4na s\u00f5iduv\u00f5idu ja teise koha saanud ning eilselt neljandalt kohalt kolmandaks t\u00f5usnud Aoife Hopkins Iirimaalt. Louise Cervera Prantusmaalt (t\u00e4na 4-4) j\u00e4\u00e4b kolmandast kohast maha kolm punkti. Maris Seersant Tallinna Jahtklubist sai t\u00e4na 32. ja 28. tulemuse ning on n\u00fc\u00fcd 24ndal positsioonil.<\/p>\n<p>U-17 arvestuses\u00a0 on juhtimas Laura Schewe Saksamaalt (\u00fcldarvestuses kuues), teisel kohal Valeriya Lomatchenko Venemaalt (\u00fcldarvestuses 9.) ja kolmandal Wiktoria Go Biowska (\u00fcldarvestuse 10.).<\/p>\n<p>Laup\u00e4eval j\u00e4tkavad poisid kuld- ja h\u00f5belaevastikus, kummaski vastavalt 69 purjetajat ning neiud \u00fches, neljak\u00fcmne kaheksa purjetajaga fliidis.<\/p>\n<p><strong>Kahel viimasel v\u00f5istlusp\u00e4eval saab poiste kuldfliidi ja ka t\u00fcdrukute v\u00f5istluss\u00f5ite j\u00e4lgida GPS tracking\u2019u abil, mis on leitav SportRec lehel <a href=\"http:\/\/www.sportrec.eu\/?page_id=1415\">http:\/\/www.sportrec.eu\/?page_id=1415<\/a> . V\u00f5istluss\u00f5idud algavad laup\u00e4eval kell 11.<\/strong><\/p>\n<p><a href=\"http:\/\/www.euroradialyouth2016.com\/results\/\">Tulemused<\/a><\/p>\n<p><a href=\"https:\/\/goo.gl\/photos\/rgCGvN2VKaKipK9j8\">4. p\u00e4eva fotod<\/a> \u2013 Alberto Sanchez (Hispaania) ja Berit Hainoja (Eesti)<\/p>\n<p><em>7.-14. augustil toimuvate 2016 Laser Radial Noorte Euroopa Meistriv\u00f5istluste korraldaja on Kalev Jahtklubi koos Eesti Jahtklubide Liidu ja Euroopa Laser Klassi Assotsiatsiooniga (EurILCA). V\u00f5istluste toetajad on Tallinna Linn, Kultuuriministeerium, Postimees\/Eesti Meedia, Helly Hansen\/Sportland, Isostar, Tallinna Vesi, Balbiino,\u00a0 Eesti Vabatahtlik Mere- ja J\u00e4rvep\u00e4\u00e4ste.<\/em><\/p>\n<p>V\u00f5istluste kodulehek\u00fclg <a href=\"http:\/\/www.euroradialyouth2016.com\/\">http:\/\/www.euroradialyouth2016.com\/<\/a><br \/>\nEuroopa Laser Klassi Assotsiatsiooni (EurILCA) kodulehek\u00fclg\u00a0 <a href=\"http:\/\/www.eurilca.eu\/\">http:\/\/www.eurilca.eu\/<\/a><br \/>\nV\u00f5istluste Facebooki lehek\u00fclg\u00a0 <a href=\"https:\/\/www.facebook.com\/euroradialyouth2016\/\">https:\/\/www.facebook.com\/euroradialyouth2016\/<\/a><br \/>\nV\u00f5istluste Instagram <a href=\"https:\/\/www.instagram.com\/euroradialyouth2016\/\">https:\/\/www.instagram.com\/euroradialyouth2016\/<\/a><br \/>\nPurjetamine Postimehe portaalis <a href=\"http:\/\/purjetamine.postimees.ee\/v2\/\">http:\/\/purjetamine.postimees.ee\/v2\/<\/a><\/p>\n<p><a href=\"http:\/\/www.sportrec.eu\/?page_id=1415\" rel=\"attachment wp-att-4698\"><img loading=\"lazy\" class=\"aligncenter size-large wp-image-4698\" src=\"http:\/\/www.kjk.ee\/wp-content\/uploads\/2016\/08\/oie_s8Ebyo63rMhV-1024x521.jpg\" alt=\"oie_s8Ebyo63rMhV\" width=\"690\" height=\"351\" srcset=\"https:\/\/kjk.ee\/wp-content\/uploads\/2016\/08\/oie_s8Ebyo63rMhV-1024x521.jpg 1024w, https:\/\/kjk.ee\/wp-content\/uploads\/2016\/08\/oie_s8Ebyo63rMhV-300x153.jpg 300w, https:\/\/kjk.ee\/wp-content\/uploads\/2016\/08\/oie_s8Ebyo63rMhV-768x391.jpg 768w, https:\/\/kjk.ee\/wp-content\/uploads\/2016\/08\/oie_s8Ebyo63rMhV-108x55.jpg 108w, https:\/\/kjk.ee\/wp-content\/uploads\/2016\/08\/oie_s8Ebyo63rMhV-94x48.jpg 94w, https:\/\/kjk.ee\/wp-content\/uploads\/2016\/08\/oie_s8Ebyo63rMhV-193x98.jpg 193w, https:\/\/kjk.ee\/wp-content\/uploads\/2016\/08\/oie_s8Ebyo63rMhV.jpg 1260w\" sizes=\"(max-width: 690px) 100vw, 690px\" \/><\/a><\/p>\n","protected":false},"excerpt":{"rendered":"<p>12. august 2016 \u2013 Tallinn, Eesti \u2013 Kalev Jahtklubis Tallinnas toimuvatel Laser Radial klassi noorte Euroopa meistriv\u00f5istlustel oli t\u00e4na neljas v\u00f5istlusp\u00e4ev. Mida p\u00e4ev edasi, seda tihedamaks rebimine l\u00e4heb ja seda n\u00e4itasid ka t\u00e4nased kaks v\u00f5istluss\u00f5itu. Kuna poisid jagati eile eels\u00f5itude paremusj\u00e4rjestuse j\u00e4rgi kuld- ja h\u00f5befliiti, oli t\u00e4nases kuldfliidis purjetamine juba nii pingeline, et p\u00e4rast mitut \u00fcldist valestarti l\u00e4ks k\u00e4iku must<a class=\"more-link\" href=\"https:\/\/kjk.ee\/en\/laser-radial-noorte-euroopa-meistrivoistlustel-kaib-tipus-tihe-rebimine\/\">[Read More&#8230;]<\/a><\/p>\n","protected":false},"author":6,"featured_media":4693,"comment_status":"open","ping_status":"open","sticky":false,"template":"","format":"standard","meta":{"spay_email":"","jetpack_publicize_message":""},"categories":[1],"tags":[],"jetpack_featured_media_url":"https:\/\/kjk.ee\/wp-content\/uploads\/2016\/08\/TALLINRADIALYOUTH2016-4305.jpg","jetpack_publicize_connections":[],"jetpack_sharing_enabled":true,"jetpack_shortlink":"https:\/\/wp.me\/paW3M4-1dG","_links":{"self":[{"href":"https:\/\/kjk.ee\/en\/wp-json\/wp\/v2\/posts\/4692"}],"collection":[{"href":"https:\/\/kjk.ee\/en\/wp-json\/wp\/v2\/posts"}],"about":[{"href":"https:\/\/kjk.ee\/en\/wp-json\/wp\/v2\/types\/post"}],"author":[{"embeddable":true,"href":"https:\/\/kjk.ee\/en\/wp-json\/wp\/v2\/users\/6"}],"replies":[{"embeddable":true,"href":"https:\/\/kjk.ee\/en\/wp-json\/wp\/v2\/comments?post=4692"}],"version-history":[{"count":3,"href":"https:\/\/kjk.ee\/en\/wp-json\/wp\/v2\/posts\/4692\/revisions"}],"predecessor-version":[{"id":4701,"href":"https:\/\/kjk.ee\/en\/wp-json\/wp\/v2\/posts\/4692\/revisions\/4701"}],"wp:featuredmedia":[{"embeddable":true,"href":"https:\/\/kjk.ee\/en\/wp-json\/wp\/v2\/media\/4693"}],"wp:attachment":[{"href":"https:\/\/kjk.ee\/en\/wp-json\/wp\/v2\/media?parent=4692"}],"wp:term":[{"taxonomy":"category","embeddable":true,"href":"https:\/\/kjk.ee\/en\/wp-json\/wp\/v2\/categories?post=4692"},{"taxonomy":"post_tag","embeddable":true,"href":"https:\/\/kjk.ee\/en\/wp-json\/wp\/v2\/tags?post=4692"}],"curies":[{"name":"wp","href":"https:\/\/api.w.org\/{rel}","templated":true}]}}