{"id":4702,"date":"2016-08-13T20:59:17","date_gmt":"2016-08-13T20:59:17","guid":{"rendered":"http:\/\/www.kjk.ee\/?p=4702"},"modified":"2016-08-13T20:59:17","modified_gmt":"2016-08-13T20:59:17","slug":"laser-radial-noorte-euroopa-meistrivoistlustel-ilma-kiuste-kaks-suureparast-voistlussoitu","status":"publish","type":"post","link":"https:\/\/kjk.ee\/en\/laser-radial-noorte-euroopa-meistrivoistlustel-ilma-kiuste-kaks-suureparast-voistlussoitu\/","title":{"rendered":"Laser Radial noorte Euroopa meistriv\u00f5istlustel ilma kiuste kaks suurep\u00e4rast v\u00f5istluss\u00f5itu"},"content":{"rendered":"<p><strong>13. august 2016 \u2013 Tallinn, Eesti \u2013 <\/strong>Purjetamise suurv\u00f5istluste ajal r\u00e4\u00e4gitakse ikka nii et \u201etavaliselt on meil sel ajal selline ilm\u201c. Kui augustikuus Tallinnas on seni toimunud purjetamisv\u00f5istlusi kimbutanud pigem tuulevaikus, siis sel n\u00e4dalal Pirital Kalev Jahtklubis toimuval Laser Radial noorte Euroopa meistriv\u00f5istlustel tuule puuduse \u00fcle kurta ei saa \u2013 hoopis vastupidi. Ka t\u00e4nane suisa s\u00fcgisene p\u00e4ev algas liiga tugeva tuule t\u00f5ttu kaldal ootamisega ja merele mindi alles p\u00e4rast kella kolme p\u00e4rastl\u00f5unal. Pika p\u00e4eva saagiks saadi kaks head v\u00f5istluss\u00f5itu, mida purjetajad olid v\u00e4ga oodanud. <strong>Neidude liidriks t\u00f5usis sakslanna Hannah Anderssohn, alla 17-aastaste neidude hulgas on k\u00f5rgeimal positsioonil j\u00e4tkuvalt sakslanna Laura Schewe. Noormeeste hulgas l\u00e4heb viimasele v\u00f5istlusp\u00e4evale vastu liidrina Daniil Krutskikh Venemaalt, kes on v\u00f5idukursil ka U-17 vanusegrupis.<\/strong><\/p>\n<div id=\"attachment_4703\" style=\"width: 700px\" class=\"wp-caption aligncenter\"><a href=\"http:\/\/www.kjk.ee\/laser-radial-noorte-euroopa-meistrivoistlustel-ilma-kiuste-kaks-suureparast-voistlussoitu\/tallinradialeuro2016-5222\/\" rel=\"attachment wp-att-4703\"><img aria-describedby=\"caption-attachment-4703\" loading=\"lazy\" class=\"size-large wp-image-4703\" src=\"http:\/\/www.kjk.ee\/wp-content\/uploads\/2016\/08\/TallinRadialEuro2016-5222-1024x684.jpg\" alt=\"Laser Radial Noorte Euroopa Meistriv\u00f5istlused 2016 - 13.08.2016 - foto Alberto Sanchez \" width=\"690\" height=\"461\" srcset=\"https:\/\/kjk.ee\/wp-content\/uploads\/2016\/08\/TallinRadialEuro2016-5222-1024x684.jpg 1024w, https:\/\/kjk.ee\/wp-content\/uploads\/2016\/08\/TallinRadialEuro2016-5222-300x200.jpg 300w, https:\/\/kjk.ee\/wp-content\/uploads\/2016\/08\/TallinRadialEuro2016-5222-768x513.jpg 768w, https:\/\/kjk.ee\/wp-content\/uploads\/2016\/08\/TallinRadialEuro2016-5222-82x55.jpg 82w, https:\/\/kjk.ee\/wp-content\/uploads\/2016\/08\/TallinRadialEuro2016-5222-72x48.jpg 72w, https:\/\/kjk.ee\/wp-content\/uploads\/2016\/08\/TallinRadialEuro2016-5222-147x98.jpg 147w, https:\/\/kjk.ee\/wp-content\/uploads\/2016\/08\/TallinRadialEuro2016-5222.jpg 2000w\" sizes=\"(max-width: 690px) 100vw, 690px\" \/><\/a><p id=\"caption-attachment-4703\" class=\"wp-caption-text\">Laser Radial Noorte Euroopa Meistriv\u00f5istlused 2016 &#8211; 13.08.2016 &#8211; foto Alberto Sanchez<\/p><\/div>\n<p>T\u00e4nase viienda v\u00f5istlusp\u00e4eva hommikul heiskas peav\u00f5istlusjuht Viljar Sepp kaldal edasil\u00fckkamise lipu koos keelava lipuga merele minna, sest 11-17 m\/s, puhanguti isegi tugevam tuul ei lubanud purjetajatel merele minna. P\u00e4rast kella kahte p\u00e4rastl\u00f5unal hakkas tuul n\u00f5rgenema, kuid samal ajal tuli m\u00f5neks ajaks merele tugev udu, mille lahtudes j\u00e4i tuul \u00fchtlaselt puhuma edelast tugevusega 8-10 m\/s. V\u00f5istlusrada saadi paika ja selle korrigeerimist ei olnud stabiilse tuulega vaja kummagi v\u00f5istluss\u00f5idu ajal. K\u00f5ik laabus ladusalt ja l\u00f5ppkokkuv\u00f5ttes kulus t\u00e4na merelolemiseks k\u00f5ige v\u00e4hem aega \u2013 neli tundi ja viisteist minutit.<\/p>\n<div id=\"attachment_4704\" style=\"width: 700px\" class=\"wp-caption aligncenter\"><a href=\"http:\/\/www.kjk.ee\/laser-radial-noorte-euroopa-meistrivoistlustel-ilma-kiuste-kaks-suureparast-voistlussoitu\/tallinradialeuro2016-4614\/\" rel=\"attachment wp-att-4704\"><img aria-describedby=\"caption-attachment-4704\" loading=\"lazy\" class=\"size-large wp-image-4704\" src=\"http:\/\/www.kjk.ee\/wp-content\/uploads\/2016\/08\/TallinRadialEuro2016-4614-1024x524.jpg\" alt=\"Hannah Anderssohn GER210151 - Laser Radial Noorte Euroopa Meistriv\u00f5istlused 2016 - 13.08.2016 - foto Alberto Sanchez \" width=\"690\" height=\"353\" srcset=\"https:\/\/kjk.ee\/wp-content\/uploads\/2016\/08\/TallinRadialEuro2016-4614-1024x524.jpg 1024w, https:\/\/kjk.ee\/wp-content\/uploads\/2016\/08\/TallinRadialEuro2016-4614-300x153.jpg 300w, https:\/\/kjk.ee\/wp-content\/uploads\/2016\/08\/TallinRadialEuro2016-4614-768x393.jpg 768w, https:\/\/kjk.ee\/wp-content\/uploads\/2016\/08\/TallinRadialEuro2016-4614-108x55.jpg 108w, https:\/\/kjk.ee\/wp-content\/uploads\/2016\/08\/TallinRadialEuro2016-4614-94x48.jpg 94w, https:\/\/kjk.ee\/wp-content\/uploads\/2016\/08\/TallinRadialEuro2016-4614-192x98.jpg 192w, https:\/\/kjk.ee\/wp-content\/uploads\/2016\/08\/TallinRadialEuro2016-4614.jpg 2000w\" sizes=\"(max-width: 690px) 100vw, 690px\" \/><\/a><p id=\"caption-attachment-4704\" class=\"wp-caption-text\">Hannah Anderssohn GER210151 &#8211; Laser Radial Noorte Euroopa Meistriv\u00f5istlused 2016 &#8211; 13.08.2016 &#8211; foto Alberto Sanchez<\/p><\/div>\n<p>J\u00e4tkuvalt on tipus v\u00e4ga tihe rebimine ja kohti vahetati ka t\u00e4na. Neiud l\u00e4ksid t\u00e4naseid v\u00f5istluss\u00f5ite purjetama v\u00e4ga pingelisest punktiseisust \u2013 kogu esikolmik oli kahe punkti sees. Suurep\u00e4rase esituse tegi t\u00e4na m\u00f5lemad s\u00f5idud suure edumaaga v\u00f5itnud\u00a0 sakslanna Hannah Anderssohn, kes asus n\u00fc\u00fcd v\u00f5istlust juhtima kolmeteistk\u00fcmne punktiga. Tema p\u00f5hikonkurent Carolina Albano Itaaliast l\u00f5petas esimese s\u00f5idu kaheksanda tulemusega, kuid teise s\u00f5idu oli ta sunnitud masti purunemise t\u00f5ttu katkestama langedes kolmandale kohale. Teisele positsioonile t\u00f5usis eilselt neljandalt kohalt t\u00e4na kaks korda teisena fini\u0161ijoone \u00fcletanud Louise Cervera Prantsusmaalt kaotades liidrile kuus punkti. Kolmandalt kohalt neljandale langes p\u00e4rast tema vastu esitatud protesti iirlanna Aoife Hopkins (t\u00e4na 5-DSQ), v\u00f5rdse arvu punktidega kolmanda kohaga.<\/p>\n<p>Ainsa neiuna Eestit esindav Maris Seersant Tallinna Jahtklubist j\u00e4tkab stabiilset seeriat \u2013 t\u00e4naste 11. ja 23. tulemustega on ta 23ndal kohal.<\/p>\n<p>Sakslanna Hannah Anderssohn oli t\u00e4nase p\u00e4eva \u00fcle \u00e4\u00e4rmiselt \u00f5nnelik<em>. \u201eSaime t\u00e4na kaks v\u00e4ga head s\u00f5itu, millega ma v\u00e4ga rahul olen. L\u00e4ksin purjetama oma s\u00f5itu ilma konkurente kontrollimata ja k\u00f5ik \u00f5nnestus v\u00e4ga h\u00e4sti. Sain kaks s\u00f5iduv\u00f5itu ja olen homse viimase v\u00f5istlusp\u00e4eva osas lootusrikas. P\u00e4rast k\u00fcmnendat v\u00f5istluss\u00f5itu kehtima hakkavat teist mahaviset ma ei oota, sest olen suutnud s\u00f5ita \u00fchtlase seeria ja halvim koht seerias on praegu kuues,\u201c<\/em> \u00fctles Hannah \u00f5nnelikult.<\/p>\n<div id=\"attachment_4705\" style=\"width: 700px\" class=\"wp-caption aligncenter\"><a href=\"http:\/\/www.kjk.ee\/laser-radial-noorte-euroopa-meistrivoistlustel-ilma-kiuste-kaks-suureparast-voistlussoitu\/tallinradialeuro2016-4641\/\" rel=\"attachment wp-att-4705\"><img aria-describedby=\"caption-attachment-4705\" loading=\"lazy\" class=\"size-large wp-image-4705\" src=\"http:\/\/www.kjk.ee\/wp-content\/uploads\/2016\/08\/TallinRadialEuro2016-4641-1024x682.jpg\" alt=\"Laura Schewe GER210064 - Laser Radial Noorte Euroopa Meistriv\u00f5istlused 2016 - 13.08.2016 - foto Alberto Sanchez \" width=\"690\" height=\"460\" srcset=\"https:\/\/kjk.ee\/wp-content\/uploads\/2016\/08\/TallinRadialEuro2016-4641-1024x682.jpg 1024w, https:\/\/kjk.ee\/wp-content\/uploads\/2016\/08\/TallinRadialEuro2016-4641-300x200.jpg 300w, https:\/\/kjk.ee\/wp-content\/uploads\/2016\/08\/TallinRadialEuro2016-4641-768x512.jpg 768w, https:\/\/kjk.ee\/wp-content\/uploads\/2016\/08\/TallinRadialEuro2016-4641-83x55.jpg 83w, https:\/\/kjk.ee\/wp-content\/uploads\/2016\/08\/TallinRadialEuro2016-4641-72x48.jpg 72w, https:\/\/kjk.ee\/wp-content\/uploads\/2016\/08\/TallinRadialEuro2016-4641-147x98.jpg 147w, https:\/\/kjk.ee\/wp-content\/uploads\/2016\/08\/TallinRadialEuro2016-4641.jpg 2000w\" sizes=\"(max-width: 690px) 100vw, 690px\" \/><\/a><p id=\"caption-attachment-4705\" class=\"wp-caption-text\">Laura Schewe GER210064 &#8211; Laser Radial Noorte Euroopa Meistriv\u00f5istlused 2016 &#8211; 13.08.2016 &#8211; foto Alberto Sanchez<\/p><\/div>\n<p>U17 vanusegrupis purjetab meistriv\u00f5istluste v\u00f5idukursil sakslanna Laura Schewe, olles \u00fcldarvestuses kuuendal kohal. Teisel kohal on venelanna Valeriya Lomatchenko (\u00fcldtabelis kaheksas), kuid kolmanda koha eest v\u00f5itlevad v\u00f5rdse arvu punktidega poolatar Wiktoria Go Biowska ja soomlanna Sara Ehnrooth olles \u00fcldarvestuses vastavalt k\u00fcmnes ja \u00fcheteistk\u00fcmnes.<\/p>\n<div id=\"attachment_4679\" style=\"width: 700px\" class=\"wp-caption aligncenter\"><a href=\"http:\/\/www.kjk.ee\/kolmas-pikk-voistluspaev-laser-radial-noorte-emil-selgitas-poiste-kuldfliiti-paasejad\/tallinradialyouth2016-3108\/\" rel=\"attachment wp-att-4679\"><img aria-describedby=\"caption-attachment-4679\" loading=\"lazy\" class=\"size-large wp-image-4679\" src=\"http:\/\/www.kjk.ee\/wp-content\/uploads\/2016\/08\/TALLINRADIALYOUTH2016-3108-1024x580.jpg\" alt=\"Daniil Krutskikh RUS205092 - Laser Radial Noorte Euroopa Meistriv\u00f5istlused 2016 - 11.08.2016 - foto Alberto Sanchez \" width=\"690\" height=\"391\" srcset=\"https:\/\/kjk.ee\/wp-content\/uploads\/2016\/08\/TALLINRADIALYOUTH2016-3108-1024x580.jpg 1024w, https:\/\/kjk.ee\/wp-content\/uploads\/2016\/08\/TALLINRADIALYOUTH2016-3108-300x170.jpg 300w, https:\/\/kjk.ee\/wp-content\/uploads\/2016\/08\/TALLINRADIALYOUTH2016-3108-768x435.jpg 768w, https:\/\/kjk.ee\/wp-content\/uploads\/2016\/08\/TALLINRADIALYOUTH2016-3108-97x55.jpg 97w, https:\/\/kjk.ee\/wp-content\/uploads\/2016\/08\/TALLINRADIALYOUTH2016-3108-85x48.jpg 85w, https:\/\/kjk.ee\/wp-content\/uploads\/2016\/08\/TALLINRADIALYOUTH2016-3108-173x98.jpg 173w, https:\/\/kjk.ee\/wp-content\/uploads\/2016\/08\/TALLINRADIALYOUTH2016-3108.jpg 2000w\" sizes=\"(max-width: 690px) 100vw, 690px\" \/><\/a><p id=\"caption-attachment-4679\" class=\"wp-caption-text\">Daniil Krutskikh RUS205092 &#8211; Laser Radial Noorte Euroopa Meistriv\u00f5istlused 2016 &#8211; 11.08.2016 &#8211; foto Alberto Sanchez<\/p><\/div>\n<p>Noormeeste esikolmik on kolme punkti sees ja teisel-kolmandal kohal on v\u00f5rdne arv punkte. T\u00e4nase esimese s\u00f5idu tihedas m\u00e4rgiv\u00f5tus paadiga \u00fcmber l\u00e4inud venelane Daniil Krutskikh l\u00f5petas s\u00f5idu \u00fcheksandana, kuid viimases s\u00f5idus n\u00e4itas taas oma tugevust v\u00f5ttes s\u00f5iduv\u00f5idu ja asudes kolmek\u00fcmne kuue punktiga taas liidrikohale. Kolm punkti j\u00e4\u00e4b maha t\u00e4na viienda ja seitsmenda koha v\u00e4lja s\u00f5itnud Daniel Whiteley Inglismaalt t\u00f5ustes eilselt neljandalt kohalt teiseks. Sama arvu punktidega on kolmandaks t\u00f5usnud itaallane Paolo Giargia (t\u00e4na 3-6), j\u00e4ttes neljandale kohale eilse liidri Liam Glynni Iirimaalt (t\u00e4na 8-18), kes kaotab Giargiale viis punkti. Ainsa eestlasena kuldfliidis purjetav Tavo Annus Rein Ottosoni Purjespordikoolist t\u00f5usis kolm kohta olles n\u00fc\u00fcd sai t\u00e4na kirja 39nda ja 54nda resultaadi ning on neljak\u00fcmne kaheksandal kohal.<\/p>\n<div id=\"attachment_4706\" style=\"width: 700px\" class=\"wp-caption aligncenter\"><a href=\"http:\/\/www.kjk.ee\/laser-radial-noorte-euroopa-meistrivoistlustel-ilma-kiuste-kaks-suureparast-voistlussoitu\/tallinradialyouth2016-2908\/\" rel=\"attachment wp-att-4706\"><img aria-describedby=\"caption-attachment-4706\" loading=\"lazy\" class=\"size-large wp-image-4706\" src=\"http:\/\/www.kjk.ee\/wp-content\/uploads\/2016\/08\/TALLINRADIALYOUTH2016-2908-1024x631.jpg\" alt=\"Daniel Whiteley GBR210427 - Laser Radial Noorte Euroopa Meistriv\u00f5istlused 2016 - 11.08.2016 - foto Alberto Sanchez \" width=\"690\" height=\"425\" srcset=\"https:\/\/kjk.ee\/wp-content\/uploads\/2016\/08\/TALLINRADIALYOUTH2016-2908-1024x631.jpg 1024w, https:\/\/kjk.ee\/wp-content\/uploads\/2016\/08\/TALLINRADIALYOUTH2016-2908-300x185.jpg 300w, https:\/\/kjk.ee\/wp-content\/uploads\/2016\/08\/TALLINRADIALYOUTH2016-2908-768x473.jpg 768w, https:\/\/kjk.ee\/wp-content\/uploads\/2016\/08\/TALLINRADIALYOUTH2016-2908-89x55.jpg 89w, https:\/\/kjk.ee\/wp-content\/uploads\/2016\/08\/TALLINRADIALYOUTH2016-2908-78x48.jpg 78w, https:\/\/kjk.ee\/wp-content\/uploads\/2016\/08\/TALLINRADIALYOUTH2016-2908-159x98.jpg 159w, https:\/\/kjk.ee\/wp-content\/uploads\/2016\/08\/TALLINRADIALYOUTH2016-2908.jpg 2000w\" sizes=\"(max-width: 690px) 100vw, 690px\" \/><\/a><p id=\"caption-attachment-4706\" class=\"wp-caption-text\">Daniel Whiteley GBR210427 &#8211; Laser Radial Noorte Euroopa Meistriv\u00f5istlused 2016 &#8211; 11.08.2016 &#8211; foto Alberto Sanchez<\/p><\/div>\n<div id=\"attachment_4707\" style=\"width: 700px\" class=\"wp-caption aligncenter\"><a href=\"http:\/\/www.kjk.ee\/laser-radial-noorte-euroopa-meistrivoistlustel-ilma-kiuste-kaks-suureparast-voistlussoitu\/tallinradialyouth2016-4220\/\" rel=\"attachment wp-att-4707\"><img aria-describedby=\"caption-attachment-4707\" loading=\"lazy\" class=\"size-large wp-image-4707\" src=\"http:\/\/www.kjk.ee\/wp-content\/uploads\/2016\/08\/TALLINRADIALYOUTH2016-4220-1024x466.jpg\" alt=\"Paolo Giargia ITA209862 - Laser Radial Noorte Euroopa Meistriv\u00f5istlused 2016 - 12.08.2016 - foto Alberto Sanchez \" width=\"690\" height=\"314\" srcset=\"https:\/\/kjk.ee\/wp-content\/uploads\/2016\/08\/TALLINRADIALYOUTH2016-4220-1024x466.jpg 1024w, https:\/\/kjk.ee\/wp-content\/uploads\/2016\/08\/TALLINRADIALYOUTH2016-4220-300x137.jpg 300w, https:\/\/kjk.ee\/wp-content\/uploads\/2016\/08\/TALLINRADIALYOUTH2016-4220-768x350.jpg 768w, https:\/\/kjk.ee\/wp-content\/uploads\/2016\/08\/TALLINRADIALYOUTH2016-4220-121x55.jpg 121w, https:\/\/kjk.ee\/wp-content\/uploads\/2016\/08\/TALLINRADIALYOUTH2016-4220-105x48.jpg 105w, https:\/\/kjk.ee\/wp-content\/uploads\/2016\/08\/TALLINRADIALYOUTH2016-4220-215x98.jpg 215w, https:\/\/kjk.ee\/wp-content\/uploads\/2016\/08\/TALLINRADIALYOUTH2016-4220.jpg 2000w\" sizes=\"(max-width: 690px) 100vw, 690px\" \/><\/a><p id=\"caption-attachment-4707\" class=\"wp-caption-text\">Paolo Giargia ITA209862 &#8211; Laser Radial Noorte Euroopa Meistriv\u00f5istlused 2016 &#8211; 12.08.2016 &#8211; foto Alberto Sanchez<\/p><\/div>\n<p>U17 arvestuses juhib \u00fcliv\u00f5imsalt ka \u00fcldarvestuses liidripositsioonil olev Daniil Krutskikh Venemaalt, teist kohta hoiab selles vanusegrupis t\u00e4na 27nda ja 31se koha v\u00e4lja s\u00f5itnud Milo Gill-Taylor Inglismaalt olles \u00fcldarvestuses langenud neli kohta k\u00fcmnendaks. Eilselt seitsmendalt positsioonilt on kena h\u00fcppe kolmandaks teinud poolakas Wojciech Klimaszewski s\u00f5ites v\u00e4lja kuuenda ja neljateistk\u00fcmnenda koha t\u00f5ustes \u00fcldarvestuses 29ndalt kohalt lausa 13ndaks.<\/p>\n<p>Viimasel v\u00f5istlusp\u00e4eval j\u00e4tkatakse finaals\u00f5ite &#8211; poisid kuld- ja h\u00f5belaevastikus, kummaski vastavalt 69 purjetajat ning neiud \u00fches, neljak\u00fcmne kaheksa purjetajaga fliidis.<\/p>\n<p>Juba t\u00e4na tegi v\u00f5istluse j\u00e4lgimise eriti atraktiivseks ja operatiivseks poiste GPS tracking, millega sai kaasa elada poiste kuldfliidi ja t\u00fcdrukute purjetamisele \u2013 nii ka homme. GPS tracking on leitav <a href=\"http:\/\/www.sportrec.eu\/?page_id=1415\">SportRec lehe<\/a>l . V\u00f5istluss\u00f5idud p\u00fchap\u00e4eval on plaanitud algama kell 11 ja viimast s\u00f5itu ei saa startida hiljem kui kell neli p\u00e4rastl\u00f5unal. Laser Radial noorte Euroopa meistriv\u00f5istluste l\u00f5petamine ning U17 ja U19 vanuseklasside Euroopa parimate austamine leiab aset p\u00fchap\u00e4eva \u00f5htul Kalev Jahtklubi sadamas.<\/p>\n<p>Tulemused <a href=\"http:\/\/www.euroradialyouth2016.com\/results\/\">http:\/\/www.euroradialyouth2016.com\/results\/<\/a><\/p>\n<ol start=\"5\">\n<li>p\u00e4eva fotod \u2013 Alberto Sanchez (Hispaania) ja Berit Hainoja (Eesti) <a href=\"https:\/\/goo.gl\/photos\/e6Qw8R1FfHKTzK42A\">https:\/\/goo.gl\/photos\/e6Qw8R1FfHKTzK42A<\/a><\/li>\n<\/ol>\n<p><em>7.-14. augustil toimuvate 2016 Laser Radial Noorte Euroopa Meistriv\u00f5istluste korraldaja on Kalev Jahtklubi koos Eesti Jahtklubide Liidu ja Euroopa Laser Klassi Assotsiatsiooniga (EurILCA). V\u00f5istluste toetajad on Tallinna Linn, Kultuuriministeerium, Postimees\/Eesti Meedia, Helly Hansen\/Sportland, Isostar, Tallinna Vesi, Balbiino,\u00a0 Eesti Vabatahtlik Mere- ja J\u00e4rvep\u00e4\u00e4ste.<\/em><\/p>\n<p>V\u00f5istluste kodulehek\u00fclg <a href=\"http:\/\/www.euroradialyouth2016.com\/\">http:\/\/www.euroradialyouth2016.com\/<\/a><br \/>\nEuroopa Laser Klassi Assotsiatsiooni (EurILCA) kodulehek\u00fclg\u00a0 <a href=\"http:\/\/www.eurilca.eu\/\">http:\/\/www.eurilca.eu\/<\/a><br \/>\nV\u00f5istluste Facebooki lehek\u00fclg\u00a0 <a href=\"https:\/\/www.facebook.com\/euroradialyouth2016\/\">https:\/\/www.facebook.com\/euroradialyouth2016\/<\/a><br \/>\nV\u00f5istluste Instagram <a href=\"https:\/\/www.instagram.com\/euroradialyouth2016\/\">https:\/\/www.instagram.com\/euroradialyouth2016\/<\/a><br \/>\nPurjetamine Postimehe portaalis <a href=\"http:\/\/purjetamine.postimees.ee\/v2\/\">http:\/\/purjetamine.postimees.ee\/v2\/<\/a><br \/>\n&nbsp;<\/p>\n","protected":false},"excerpt":{"rendered":"<p>13. august 2016 \u2013 Tallinn, Eesti \u2013 Purjetamise suurv\u00f5istluste ajal r\u00e4\u00e4gitakse ikka nii et \u201etavaliselt on meil sel ajal selline ilm\u201c. Kui augustikuus Tallinnas on seni toimunud purjetamisv\u00f5istlusi kimbutanud pigem tuulevaikus, siis sel n\u00e4dalal Pirital Kalev Jahtklubis toimuval Laser Radial noorte Euroopa meistriv\u00f5istlustel tuule puuduse \u00fcle kurta ei saa \u2013 hoopis vastupidi. Ka t\u00e4nane suisa s\u00fcgisene p\u00e4ev algas liiga tugeva<a class=\"more-link\" href=\"https:\/\/kjk.ee\/en\/laser-radial-noorte-euroopa-meistrivoistlustel-ilma-kiuste-kaks-suureparast-voistlussoitu\/\">[Read More&#8230;]<\/a><\/p>\n","protected":false},"author":6,"featured_media":4703,"comment_status":"open","ping_status":"open","sticky":false,"template":"","format":"standard","meta":{"spay_email":"","jetpack_publicize_message":""},"categories":[1],"tags":[],"jetpack_featured_media_url":"https:\/\/kjk.ee\/wp-content\/uploads\/2016\/08\/TallinRadialEuro2016-5222.jpg","jetpack_publicize_connections":[],"jetpack_sharing_enabled":true,"jetpack_shortlink":"https:\/\/wp.me\/paW3M4-1dQ","_links":{"self":[{"href":"https:\/\/kjk.ee\/en\/wp-json\/wp\/v2\/posts\/4702"}],"collection":[{"href":"https:\/\/kjk.ee\/en\/wp-json\/wp\/v2\/posts"}],"about":[{"href":"https:\/\/kjk.ee\/en\/wp-json\/wp\/v2\/types\/post"}],"author":[{"embeddable":true,"href":"https:\/\/kjk.ee\/en\/wp-json\/wp\/v2\/users\/6"}],"replies":[{"embeddable":true,"href":"https:\/\/kjk.ee\/en\/wp-json\/wp\/v2\/comments?post=4702"}],"version-history":[{"count":3,"href":"https:\/\/kjk.ee\/en\/wp-json\/wp\/v2\/posts\/4702\/revisions"}],"predecessor-version":[{"id":4710,"href":"https:\/\/kjk.ee\/en\/wp-json\/wp\/v2\/posts\/4702\/revisions\/4710"}],"wp:featuredmedia":[{"embeddable":true,"href":"https:\/\/kjk.ee\/en\/wp-json\/wp\/v2\/media\/4703"}],"wp:attachment":[{"href":"https:\/\/kjk.ee\/en\/wp-json\/wp\/v2\/media?parent=4702"}],"wp:term":[{"taxonomy":"category","embeddable":true,"href":"https:\/\/kjk.ee\/en\/wp-json\/wp\/v2\/categories?post=4702"},{"taxonomy":"post_tag","embeddable":true,"href":"https:\/\/kjk.ee\/en\/wp-json\/wp\/v2\/tags?post=4702"}],"curies":[{"name":"wp","href":"https:\/\/api.w.org\/{rel}","templated":true}]}}