{"id":4804,"date":"2016-08-24T20:28:52","date_gmt":"2016-08-24T20:28:52","guid":{"rendered":"http:\/\/www.kjk.ee\/?p=4804"},"modified":"2016-08-27T17:23:34","modified_gmt":"2016-08-27T17:23:34","slug":"vaevaliselt-alanud-soit-sai-ullatuslikult-kiire-lopu","status":"publish","type":"post","link":"https:\/\/kjk.ee\/en\/vaevaliselt-alanud-soit-sai-ullatuslikult-kiire-lopu\/","title":{"rendered":"Vaevaliselt alanud s\u00f5it sai \u00fcllatuslikult kiire l\u00f5pu"},"content":{"rendered":"<p><a href=\"http:\/\/www.kjk.ee\/vaevaliselt-alanud-soit-sai-ullatuslikult-kiire-lopu\/20160824_185609_richtonehdr\/\" rel=\"attachment wp-att-4805\"><img loading=\"lazy\" class=\"aligncenter size-large wp-image-4805\" src=\"http:\/\/www.kjk.ee\/wp-content\/uploads\/2016\/08\/20160824_185609_RichtoneHDR-1024x576.jpg\" alt=\"20160824_185609_Richtone(HDR)\" width=\"690\" height=\"388\" srcset=\"https:\/\/kjk.ee\/wp-content\/uploads\/2016\/08\/20160824_185609_RichtoneHDR-1024x576.jpg 1024w, https:\/\/kjk.ee\/wp-content\/uploads\/2016\/08\/20160824_185609_RichtoneHDR-300x170.jpg 300w, https:\/\/kjk.ee\/wp-content\/uploads\/2016\/08\/20160824_185609_RichtoneHDR-768x432.jpg 768w, https:\/\/kjk.ee\/wp-content\/uploads\/2016\/08\/20160824_185609_RichtoneHDR-98x55.jpg 98w, https:\/\/kjk.ee\/wp-content\/uploads\/2016\/08\/20160824_185609_RichtoneHDR-85x48.jpg 85w, https:\/\/kjk.ee\/wp-content\/uploads\/2016\/08\/20160824_185609_RichtoneHDR-174x98.jpg 174w\" sizes=\"(max-width: 690px) 100vw, 690px\" \/><\/a><\/p>\n<p>Kuna merele minnes puhus tuul 2 meetrit sekundis ja kohati alla selle, tuli start Marinepool \u2013 Kalev Jahtklubi Kolmap\u00e4evaregati 15. s\u00f5idule AP lipuga edasi l\u00fckata ja loota, et aja edenedes tuul tugevneb. Tavap\u00e4rasest 8 minutit hiljem alustati stardiprotseduuriga ja tuul n\u00e4itas sel hetkel tugevust 2,4 m\/s. L\u00e4\u00e4ne suunda 1,3 miili kaugusele stardiliinist paigutatud vastutuulem\u00e4rgist sai seekordne esimene ja LYS gruppidele ka ainus p\u00f6\u00f6rdem\u00e4rk distantsil.<\/p>\n<div id=\"attachment_4832\" style=\"width: 700px\" class=\"wp-caption aligncenter\"><a href=\"http:\/\/www.kjk.ee\/vaevaliselt-alanud-soit-sai-ullatuslikult-kiire-lopu\/thumb_0t5a3137_1024\/\" rel=\"attachment wp-att-4832\"><img aria-describedby=\"caption-attachment-4832\" loading=\"lazy\" class=\"wp-image-4832 size-large\" src=\"http:\/\/www.kjk.ee\/wp-content\/uploads\/2016\/08\/thumb_0T5A3137_1024-1024x683.jpg\" alt=\"thumb_0T5A3137_1024\" width=\"690\" height=\"460\" srcset=\"https:\/\/kjk.ee\/wp-content\/uploads\/2016\/08\/thumb_0T5A3137_1024-1024x683.jpg 1024w, https:\/\/kjk.ee\/wp-content\/uploads\/2016\/08\/thumb_0T5A3137_1024-300x200.jpg 300w, https:\/\/kjk.ee\/wp-content\/uploads\/2016\/08\/thumb_0T5A3137_1024-768x512.jpg 768w, https:\/\/kjk.ee\/wp-content\/uploads\/2016\/08\/thumb_0T5A3137_1024-83x55.jpg 83w, https:\/\/kjk.ee\/wp-content\/uploads\/2016\/08\/thumb_0T5A3137_1024-72x48.jpg 72w, https:\/\/kjk.ee\/wp-content\/uploads\/2016\/08\/thumb_0T5A3137_1024-147x98.jpg 147w, https:\/\/kjk.ee\/wp-content\/uploads\/2016\/08\/thumb_0T5A3137_1024.jpg 1086w\" sizes=\"(max-width: 690px) 100vw, 690px\" \/><\/a><p id=\"caption-attachment-4832\" class=\"wp-caption-text\">15. Marinepool-Kalev Jahtklubi Kolmap\u00e4evaregatt &#8211; foto Ren\u00e8 Allik<\/p><\/div>\n<p>ORC grupid liikusid peale selle m\u00e4rgi v\u00f5tmist k\u00fclgtuules veel Kuulimuna toodrini ja sealt allatuules fini\u0161isse. Hirm tuule sootuks kadumise ees ei lubanud pikemat rada v\u00f5istlejatele pakkuda. Juhtus aga hoopis nii, et tuul j\u00e4rjest muudkui tugevnes ja viimaste jahtide fini\u0161eerides puhus lausa 6 m\/s. See t\u00f5i paadid kiirelt ja tihedalt \u00fcksteise kannul \u00fcle fini\u0161iliini, nii et fini\u0161 58 v\u00f5istlevale jahile kestis v\u00e4hem kui pool tundi.<\/p>\n<p>Tekst Elle Bubert<\/p>\n<div id=\"attachment_4833\" style=\"width: 700px\" class=\"wp-caption aligncenter\"><a href=\"http:\/\/www.kjk.ee\/vaevaliselt-alanud-soit-sai-ullatuslikult-kiire-lopu\/thumb_0t5a2999_1024\/\" rel=\"attachment wp-att-4833\"><img aria-describedby=\"caption-attachment-4833\" loading=\"lazy\" class=\"size-large wp-image-4833\" src=\"http:\/\/www.kjk.ee\/wp-content\/uploads\/2016\/08\/thumb_0T5A2999_1024-1024x683.jpg\" alt=\"15. Marinepool-Kalev Jahtklubi Kolmap\u00e4evaregatt - foto Ren\u00e8 Allik\" width=\"690\" height=\"460\" srcset=\"https:\/\/kjk.ee\/wp-content\/uploads\/2016\/08\/thumb_0T5A2999_1024-1024x683.jpg 1024w, https:\/\/kjk.ee\/wp-content\/uploads\/2016\/08\/thumb_0T5A2999_1024-300x200.jpg 300w, https:\/\/kjk.ee\/wp-content\/uploads\/2016\/08\/thumb_0T5A2999_1024-768x512.jpg 768w, https:\/\/kjk.ee\/wp-content\/uploads\/2016\/08\/thumb_0T5A2999_1024-83x55.jpg 83w, https:\/\/kjk.ee\/wp-content\/uploads\/2016\/08\/thumb_0T5A2999_1024-72x48.jpg 72w, https:\/\/kjk.ee\/wp-content\/uploads\/2016\/08\/thumb_0T5A2999_1024-147x98.jpg 147w, https:\/\/kjk.ee\/wp-content\/uploads\/2016\/08\/thumb_0T5A2999_1024.jpg 1086w\" sizes=\"(max-width: 690px) 100vw, 690px\" \/><\/a><p id=\"caption-attachment-4833\" class=\"wp-caption-text\">15. Marinepool-Kalev Jahtklubi Kolmap\u00e4evaregatt &#8211; foto Ren\u00e8 Allik<\/p><\/div>\n<p><strong>Marinepool \u2013 Kalev Jahtklubi Kolmap\u00e4evaregati 15. s\u00f5idu esikolmikud:<\/strong><\/p>\n<p>ORC I<br \/>\nI koht SUGAR 2\u00a0 kapten Jaan Akermann<br \/>\nII koht\u00a0 KATARIINA II kapten Aivar Tuulberg<br \/>\nIII koht PREMIUM\u00a0 kapten Priit Tammem\u00e4gi<\/p>\n<p>ORC II<br \/>\nI koht MATILDA 3 kapten\u00a0 Erki Teras<br \/>\nII koht \u00a0BRIGITTA X kapten\u00a0 Aleksandr Karboinov<br \/>\nIII koht ADELE kapten\u00a0 Aleksander Zolotov<\/p>\n<div id=\"attachment_4834\" style=\"width: 700px\" class=\"wp-caption aligncenter\"><a href=\"http:\/\/www.kjk.ee\/vaevaliselt-alanud-soit-sai-ullatuslikult-kiire-lopu\/thumb_0t5a3185_1024\/\" rel=\"attachment wp-att-4834\"><img aria-describedby=\"caption-attachment-4834\" loading=\"lazy\" class=\"size-large wp-image-4834\" src=\"http:\/\/www.kjk.ee\/wp-content\/uploads\/2016\/08\/thumb_0T5A3185_1024-1024x683.jpg\" alt=\"Tekst Elle Bubert\" width=\"690\" height=\"460\" srcset=\"https:\/\/kjk.ee\/wp-content\/uploads\/2016\/08\/thumb_0T5A3185_1024-1024x683.jpg 1024w, https:\/\/kjk.ee\/wp-content\/uploads\/2016\/08\/thumb_0T5A3185_1024-300x200.jpg 300w, https:\/\/kjk.ee\/wp-content\/uploads\/2016\/08\/thumb_0T5A3185_1024-768x512.jpg 768w, https:\/\/kjk.ee\/wp-content\/uploads\/2016\/08\/thumb_0T5A3185_1024-83x55.jpg 83w, https:\/\/kjk.ee\/wp-content\/uploads\/2016\/08\/thumb_0T5A3185_1024-72x48.jpg 72w, https:\/\/kjk.ee\/wp-content\/uploads\/2016\/08\/thumb_0T5A3185_1024-147x98.jpg 147w, https:\/\/kjk.ee\/wp-content\/uploads\/2016\/08\/thumb_0T5A3185_1024.jpg 1086w\" sizes=\"(max-width: 690px) 100vw, 690px\" \/><\/a><p id=\"caption-attachment-4834\" class=\"wp-caption-text\">Tekst Elle Bubert<\/p><\/div>\n<p>LYS I<br \/>\nI koht FANATIC kapten Ain-Eke Jalasto<br \/>\nII koht LEILA kapten Priit P\u00f5ldmaa<br \/>\nIII koht EQUIPE DU PILOILLERI 3 kapten Anne-Mari Luik<\/p>\n<div id=\"attachment_4835\" style=\"width: 700px\" class=\"wp-caption aligncenter\"><a href=\"http:\/\/www.kjk.ee\/vaevaliselt-alanud-soit-sai-ullatuslikult-kiire-lopu\/thumb_0t5a3179_1024\/\" rel=\"attachment wp-att-4835\"><img aria-describedby=\"caption-attachment-4835\" loading=\"lazy\" class=\"size-large wp-image-4835\" src=\"http:\/\/www.kjk.ee\/wp-content\/uploads\/2016\/08\/thumb_0T5A3179_1024-1024x683.jpg\" alt=\"Tekst Elle Bubert\" width=\"690\" height=\"460\" srcset=\"https:\/\/kjk.ee\/wp-content\/uploads\/2016\/08\/thumb_0T5A3179_1024-1024x683.jpg 1024w, https:\/\/kjk.ee\/wp-content\/uploads\/2016\/08\/thumb_0T5A3179_1024-300x200.jpg 300w, https:\/\/kjk.ee\/wp-content\/uploads\/2016\/08\/thumb_0T5A3179_1024-768x512.jpg 768w, https:\/\/kjk.ee\/wp-content\/uploads\/2016\/08\/thumb_0T5A3179_1024-83x55.jpg 83w, https:\/\/kjk.ee\/wp-content\/uploads\/2016\/08\/thumb_0T5A3179_1024-72x48.jpg 72w, https:\/\/kjk.ee\/wp-content\/uploads\/2016\/08\/thumb_0T5A3179_1024-147x98.jpg 147w, https:\/\/kjk.ee\/wp-content\/uploads\/2016\/08\/thumb_0T5A3179_1024.jpg 1086w\" sizes=\"(max-width: 690px) 100vw, 690px\" \/><\/a><p id=\"caption-attachment-4835\" class=\"wp-caption-text\">Tekst Elle Bubert<\/p><\/div>\n<p>LYS II<br \/>\nI koht\u00a0 MUINASJUTUKUNINGAS kapten Jaanus N\u00f5gisto<br \/>\nII koht TEE CHEE kapten Peeter V\u00e4lkmann<br \/>\nIII koht FAROZON kapten Maarja Kask<\/p>\n<div id=\"attachment_4836\" style=\"width: 700px\" class=\"wp-caption aligncenter\"><a href=\"http:\/\/www.kjk.ee\/vaevaliselt-alanud-soit-sai-ullatuslikult-kiire-lopu\/thumb_0t5a3171_1024\/\" rel=\"attachment wp-att-4836\"><img aria-describedby=\"caption-attachment-4836\" loading=\"lazy\" class=\"size-large wp-image-4836\" src=\"http:\/\/www.kjk.ee\/wp-content\/uploads\/2016\/08\/thumb_0T5A3171_1024-1024x683.jpg\" alt=\"Tekst Elle Bubert\" width=\"690\" height=\"460\" srcset=\"https:\/\/kjk.ee\/wp-content\/uploads\/2016\/08\/thumb_0T5A3171_1024-1024x683.jpg 1024w, https:\/\/kjk.ee\/wp-content\/uploads\/2016\/08\/thumb_0T5A3171_1024-300x200.jpg 300w, https:\/\/kjk.ee\/wp-content\/uploads\/2016\/08\/thumb_0T5A3171_1024-768x512.jpg 768w, https:\/\/kjk.ee\/wp-content\/uploads\/2016\/08\/thumb_0T5A3171_1024-83x55.jpg 83w, https:\/\/kjk.ee\/wp-content\/uploads\/2016\/08\/thumb_0T5A3171_1024-72x48.jpg 72w, https:\/\/kjk.ee\/wp-content\/uploads\/2016\/08\/thumb_0T5A3171_1024-147x98.jpg 147w, https:\/\/kjk.ee\/wp-content\/uploads\/2016\/08\/thumb_0T5A3171_1024.jpg 1086w\" sizes=\"(max-width: 690px) 100vw, 690px\" \/><\/a><p id=\"caption-attachment-4836\" class=\"wp-caption-text\">Tekst Elle Bubert<\/p><\/div>\n<p><a href=\"http:\/\/www.kjk.ee\/event\/15-kjk-kolmapaevaregatt\/\">Tulemused<\/a><\/p>\n<p><a href=\"https:\/\/www.facebook.com\/Kalev.Jahtklubi\/photos\/?tab=album&#038;album_id=1396412727042098\">Fotogalerii<\/a> &#8211; Ren\u00e8 Allik<\/p>\n","protected":false},"excerpt":{"rendered":"<p>Kuna merele minnes puhus tuul 2 meetrit sekundis ja kohati alla selle, tuli start Marinepool \u2013 Kalev Jahtklubi Kolmap\u00e4evaregati 15. s\u00f5idule AP lipuga edasi l\u00fckata ja loota, et aja edenedes tuul tugevneb. Tavap\u00e4rasest 8 minutit hiljem alustati stardiprotseduuriga ja tuul n\u00e4itas sel hetkel tugevust 2,4 m\/s. L\u00e4\u00e4ne suunda 1,3 miili kaugusele stardiliinist paigutatud vastutuulem\u00e4rgist sai seekordne esimene ja LYS gruppidele<a class=\"more-link\" href=\"https:\/\/kjk.ee\/en\/vaevaliselt-alanud-soit-sai-ullatuslikult-kiire-lopu\/\">[Read More&#8230;]<\/a><\/p>\n","protected":false},"author":24,"featured_media":4805,"comment_status":"open","ping_status":"open","sticky":false,"template":"","format":"standard","meta":{"spay_email":"","jetpack_publicize_message":""},"categories":[1],"tags":[14,8,13,154,45],"jetpack_featured_media_url":"https:\/\/kjk.ee\/wp-content\/uploads\/2016\/08\/20160824_185609_RichtoneHDR.jpg","jetpack_publicize_connections":[],"jetpack_sharing_enabled":true,"jetpack_shortlink":"https:\/\/wp.me\/paW3M4-1fu","_links":{"self":[{"href":"https:\/\/kjk.ee\/en\/wp-json\/wp\/v2\/posts\/4804"}],"collection":[{"href":"https:\/\/kjk.ee\/en\/wp-json\/wp\/v2\/posts"}],"about":[{"href":"https:\/\/kjk.ee\/en\/wp-json\/wp\/v2\/types\/post"}],"author":[{"embeddable":true,"href":"https:\/\/kjk.ee\/en\/wp-json\/wp\/v2\/users\/24"}],"replies":[{"embeddable":true,"href":"https:\/\/kjk.ee\/en\/wp-json\/wp\/v2\/comments?post=4804"}],"version-history":[{"count":6,"href":"https:\/\/kjk.ee\/en\/wp-json\/wp\/v2\/posts\/4804\/revisions"}],"predecessor-version":[{"id":4820,"href":"https:\/\/kjk.ee\/en\/wp-json\/wp\/v2\/posts\/4804\/revisions\/4820"}],"wp:featuredmedia":[{"embeddable":true,"href":"https:\/\/kjk.ee\/en\/wp-json\/wp\/v2\/media\/4805"}],"wp:attachment":[{"href":"https:\/\/kjk.ee\/en\/wp-json\/wp\/v2\/media?parent=4804"}],"wp:term":[{"taxonomy":"category","embeddable":true,"href":"https:\/\/kjk.ee\/en\/wp-json\/wp\/v2\/categories?post=4804"},{"taxonomy":"post_tag","embeddable":true,"href":"https:\/\/kjk.ee\/en\/wp-json\/wp\/v2\/tags?post=4804"}],"curies":[{"name":"wp","href":"https:\/\/api.w.org\/{rel}","templated":true}]}}