{"id":4972,"date":"2016-09-14T20:11:36","date_gmt":"2016-09-14T20:11:36","guid":{"rendered":"http:\/\/www.kjk.ee\/?p=4972"},"modified":"2016-09-14T21:15:48","modified_gmt":"2016-09-14T21:15:48","slug":"seekordsel-soidul-jagus-tuult-ainult-kahele-grupile","status":"publish","type":"post","link":"https:\/\/kjk.ee\/en\/seekordsel-soidul-jagus-tuult-ainult-kahele-grupile\/","title":{"rendered":"Seekordsel s\u00f5idul jagus tuult ainult kahele grupile"},"content":{"rendered":"<p>Keskn\u00e4dala p\u00e4rastl\u00f5unal anti 54 osalejale 3 meetrit sekundis puhunud idatuule ja ereda p\u00e4ikesega start \u00a0 \u00a0 Marinepool \u2013 Kalev Jahtklubi Kolmap\u00e4evaregatile. J\u00e4rjekorras juba kaheksateistk\u00fcmnes s\u00f5it t\u00f5i fini\u0161ikohad ja punktid aga vaid kahele grupile &#8211; ORC I ja suurematele LYS jahtidele. Tagasihoidlik tuuletugevus sundis distantsi antud gruppidele l\u00fchendama ja fini\u0161iliin tekkis\u00a0 \u201eS\u201c lippu kandva v\u00f5istluskomiteelaeva ja \u00fclemise p\u00f6\u00f6rdem\u00e4rgi nr.8 vahele. Algselt plaanitud kolme ringiga rajast l\u00e4bisid ORC I jahid kaks ja pool, LYS I jahid poolteist ringi. Samal ajal alumises m\u00e4rgis olnud ORC II ja LYS II gruppide jahid olid valmis alustama oma viimast ringi vastutuule otsaga Meriv\u00e4lja suunas, kui v\u00f5istlus tuule totaalse vaikimise t\u00f5ttu nendele gruppidele katkestati. Viimasena kontrollaega mahtunud jaht oli rajal kaks tundi ja viisteist minutit ning merelt lahkudes s\u00e4ras taevas juba kuu.<\/p>\n<p><em>Tekst Elle Bubert <\/em><\/p>\n<p><strong>Marinepool \u2013 Kalev Jahtklubi Kolmap\u00e4evaregati 18. s\u00f5idu esikolmikud:<\/strong><\/p>\n<p>ORC I<br \/>\nI koht PREMIUM\u00a0 kapten Priit Tammem\u00e4gi<br \/>\nII koht\u00a0 OLYMPIC\u00a0 kapten Tiit Vihul<br \/>\nIII koht FORTE\u00a0 kapten Jaak J\u00f5gi<\/p>\n<p>LYS I<br \/>\nI koht BLANCA kapten Jaan Tiidemann<br \/>\nII koht MAORI kapten Oleg Egipte<br \/>\nIII koht PIISKA\u00a0 kapten Ragnar K\u00f5iv<\/p>\n<p><strong><a href=\"http:\/\/www.kjk.ee\/event\/18-kjk-kolmapaevaregatt\/\">Tulemused<\/a>\u00a0\u00a0<\/strong><\/p>\n<p><a href=\"https:\/\/www.facebook.com\/Kalev.Jahtklubi\/photos\/?tab=album&#038;album_id=1414769345206436\">Fotogalerii &#8211; Piret Salmistu<\/a><\/p>\n<div id=\"attachment_4980\" style=\"width: 700px\" class=\"wp-caption aligncenter\"><a href=\"http:\/\/www.kjk.ee\/seekordsel-soidul-jagus-tuult-ainult-kahele-grupile\/2016-09-14-kolmapaevak-ps\/\" rel=\"attachment wp-att-4980\"><img aria-describedby=\"caption-attachment-4980\" loading=\"lazy\" class=\"size-large wp-image-4980\" src=\"http:\/\/www.kjk.ee\/wp-content\/uploads\/2016\/09\/2016-Marinepool-Kalev-Jahtklubi-Kolmap\u00e4evaregatt-2016-09-14-Tallinn-\u00a9-Copyright-2016-Piret-Salmistu-3176-1024x523.jpg\" alt=\"Marinepool-Kalev Jahtklubi Kolmap\u00e4evaregatt 14-09-2016 (c) Piret Salmistu\" width=\"690\" height=\"352\" srcset=\"https:\/\/kjk.ee\/wp-content\/uploads\/2016\/09\/2016-Marinepool-Kalev-Jahtklubi-Kolmap\u00e4evaregatt-2016-09-14-Tallinn-\u00a9-Copyright-2016-Piret-Salmistu-3176-1024x523.jpg 1024w, https:\/\/kjk.ee\/wp-content\/uploads\/2016\/09\/2016-Marinepool-Kalev-Jahtklubi-Kolmap\u00e4evaregatt-2016-09-14-Tallinn-\u00a9-Copyright-2016-Piret-Salmistu-3176-300x153.jpg 300w, https:\/\/kjk.ee\/wp-content\/uploads\/2016\/09\/2016-Marinepool-Kalev-Jahtklubi-Kolmap\u00e4evaregatt-2016-09-14-Tallinn-\u00a9-Copyright-2016-Piret-Salmistu-3176-768x393.jpg 768w, https:\/\/kjk.ee\/wp-content\/uploads\/2016\/09\/2016-Marinepool-Kalev-Jahtklubi-Kolmap\u00e4evaregatt-2016-09-14-Tallinn-\u00a9-Copyright-2016-Piret-Salmistu-3176-108x55.jpg 108w, https:\/\/kjk.ee\/wp-content\/uploads\/2016\/09\/2016-Marinepool-Kalev-Jahtklubi-Kolmap\u00e4evaregatt-2016-09-14-Tallinn-\u00a9-Copyright-2016-Piret-Salmistu-3176-94x48.jpg 94w, https:\/\/kjk.ee\/wp-content\/uploads\/2016\/09\/2016-Marinepool-Kalev-Jahtklubi-Kolmap\u00e4evaregatt-2016-09-14-Tallinn-\u00a9-Copyright-2016-Piret-Salmistu-3176-192x98.jpg 192w, https:\/\/kjk.ee\/wp-content\/uploads\/2016\/09\/2016-Marinepool-Kalev-Jahtklubi-Kolmap\u00e4evaregatt-2016-09-14-Tallinn-\u00a9-Copyright-2016-Piret-Salmistu-3176.jpg 1080w\" sizes=\"(max-width: 690px) 100vw, 690px\" \/><\/a><p id=\"caption-attachment-4980\" class=\"wp-caption-text\">Marinepool-Kalev Jahtklubi Kolmap\u00e4evaregatt 14-09-2016 (c) Piret Salmistu<\/p><\/div>\n","protected":false},"excerpt":{"rendered":"<p>Keskn\u00e4dala p\u00e4rastl\u00f5unal anti 54 osalejale 3 meetrit sekundis puhunud idatuule ja ereda p\u00e4ikesega start \u00a0 \u00a0 Marinepool \u2013 Kalev Jahtklubi Kolmap\u00e4evaregatile. J\u00e4rjekorras juba kaheksateistk\u00fcmnes s\u00f5it t\u00f5i fini\u0161ikohad ja punktid aga vaid kahele grupile &#8211; ORC I ja suurematele LYS jahtidele. Tagasihoidlik tuuletugevus sundis distantsi antud gruppidele l\u00fchendama ja fini\u0161iliin tekkis\u00a0 \u201eS\u201c lippu kandva v\u00f5istluskomiteelaeva ja \u00fclemise p\u00f6\u00f6rdem\u00e4rgi nr.8 vahele. Algselt<a class=\"more-link\" href=\"https:\/\/kjk.ee\/en\/seekordsel-soidul-jagus-tuult-ainult-kahele-grupile\/\">[Read More&#8230;]<\/a><\/p>\n","protected":false},"author":24,"featured_media":4973,"comment_status":"open","ping_status":"open","sticky":false,"template":"","format":"standard","meta":{"spay_email":"","jetpack_publicize_message":""},"categories":[1],"tags":[],"jetpack_featured_media_url":"https:\/\/kjk.ee\/wp-content\/uploads\/2016\/09\/20160914_181848_RichtoneHDR.jpg","jetpack_publicize_connections":[],"jetpack_sharing_enabled":true,"jetpack_shortlink":"https:\/\/wp.me\/paW3M4-1ic","_links":{"self":[{"href":"https:\/\/kjk.ee\/en\/wp-json\/wp\/v2\/posts\/4972"}],"collection":[{"href":"https:\/\/kjk.ee\/en\/wp-json\/wp\/v2\/posts"}],"about":[{"href":"https:\/\/kjk.ee\/en\/wp-json\/wp\/v2\/types\/post"}],"author":[{"embeddable":true,"href":"https:\/\/kjk.ee\/en\/wp-json\/wp\/v2\/users\/24"}],"replies":[{"embeddable":true,"href":"https:\/\/kjk.ee\/en\/wp-json\/wp\/v2\/comments?post=4972"}],"version-history":[{"count":3,"href":"https:\/\/kjk.ee\/en\/wp-json\/wp\/v2\/posts\/4972\/revisions"}],"predecessor-version":[{"id":4979,"href":"https:\/\/kjk.ee\/en\/wp-json\/wp\/v2\/posts\/4972\/revisions\/4979"}],"wp:featuredmedia":[{"embeddable":true,"href":"https:\/\/kjk.ee\/en\/wp-json\/wp\/v2\/media\/4973"}],"wp:attachment":[{"href":"https:\/\/kjk.ee\/en\/wp-json\/wp\/v2\/media?parent=4972"}],"wp:term":[{"taxonomy":"category","embeddable":true,"href":"https:\/\/kjk.ee\/en\/wp-json\/wp\/v2\/categories?post=4972"},{"taxonomy":"post_tag","embeddable":true,"href":"https:\/\/kjk.ee\/en\/wp-json\/wp\/v2\/tags?post=4972"}],"curies":[{"name":"wp","href":"https:\/\/api.w.org\/{rel}","templated":true}]}}