{"id":9596,"date":"2018-07-16T14:32:28","date_gmt":"2018-07-16T14:32:28","guid":{"rendered":"http:\/\/www.kjk.ee\/?p=9596"},"modified":"2018-07-16T14:38:37","modified_gmt":"2018-07-16T14:38:37","slug":"reedene-paev-merel-muhu-vaina-regatt-joudis-eelviimase-etapiga-parnusse","status":"publish","type":"post","link":"https:\/\/kjk.ee\/en\/reedene-paev-merel-muhu-vaina-regatt-joudis-eelviimase-etapiga-parnusse\/","title":{"rendered":"Reedene p\u00e4ev merel &#8211; Muhu V\u00e4ina regatt j\u00f5udis eelviimase etapiga P\u00e4rnusse"},"content":{"rendered":"<h4 class=\"null\" style=\"text-align: justify;\"><strong>13. juuli 2018 &#8211; P\u00e4rnu &#8211; P\u00e4rast eilset, kuid paljude jaoks alles \u00f6\u00f6sel l\u00f5ppenud pikka etappi pakkus A. Le Coq 61. Muhu V\u00e4ina regatt t\u00e4na purjetajatele oluliselt l\u00fchema ja h\u00f5lpsama p\u00e4eva Dermoshop\/Confido Kihnu-P\u00e4rnu etapil. Keskp\u00e4eval Kihnu l\u00e4histelt rajale saadetud jahid l\u00e4bisid ca \u00fcheteistk\u00fcmne miili pikkuse distantsi v\u00f5ttes esmalt Sorgu l\u00f5unapoi ja siis Irmgardi l\u00e4\u00e4nepoi ning fini\u0161eerides kahe tunni p\u00e4rast P\u00e4rnu lahel Tahkuranna ja Liu vahel, et j\u00f5uda \u00f5igeks ajaks EV 100 merepeole P\u00e4rnu Jahtklubis. Kiire ja l\u00fchikese v\u00f5idus\u00f5idu parimad olid t\u00e4na Tegu (Vilnius, Leedu), Adele (JK Baltsail), Lastochka (Orekhova harbour, Venemaa), Credit24 Reval Cafe (Kalevi Jahtklubi), Liliann (Saaremaa Merispordi Selts), Wenna (Kalevi Jahtklubi) ja Linda (Kalevi Jahtklubi).<\/strong><\/h4>\n<p style=\"text-align: justify;\">Kuna etapp oli v\u00e4ga l\u00fchike, siis s\u00f5itsid nii mitmegi grupi kiiremad jahid teistele ette finishiaja, millest hakkas tiksuma teiste jaoks finisheerimise ajalimiit. Paraku oli see ebameeldiv \u00fcllatus p\u00e4ris mitme grupi aeglasematele jahtidele, kes seet\u00f5ttu ka enne kontrollaega finisheerida ei j\u00f5udnud ja said protokolli kirja DNF ehk mitte l\u00f5petanud. Huvitav oli ka asjaolu, et t\u00e4nased korrigeeritud aegade vahed esimese ja teise koha jahtidel olid vaatamata l\u00fchikesele s\u00f5iduajale suhteliselt pikad \u2013 pooleteisest minutist kuni viie minutini.<\/p>\n<p style=\"text-align: justify;\">Esimese etapiv\u00f5idu sai kirja ORC I grupis Jurgis Janulionise jaht Tegu Vilniusest, olles \u00fcldkokkuv\u00f5ttes kuue etapi j\u00e4rel \u00fcldarvestuses neljandal kohal. Nii ESTLYS II grupis v\u00f5idu v\u00f5tnud Margus Beljakovi jahile Liliann Saaremaa Merispordi Seltsist, kui ka ESTLYS III grupi v\u00f5itja Wenna jaoks Kalevi Jahtklubist, oli see esimene etapiv\u00f5it t\u00e4navusel regatil. M\u00f5lemad jahid on \u00fcldarvestuses v\u00e4ga l\u00e4hedal ka poodiumikohale.<\/p>\n<p style=\"text-align: justify;\">\u201eMeile meeldis t\u00e4nane s\u00f5it,\u201c \u00fctles jahi Tegu kapten\u00a0<strong>Jurgis Janulionis<\/strong>. \u201eOtsustasime valida keskmise kursi, mitte kaldudes ei paremale ega vasakule, ning see tasus end \u00e4ra. Ja see v\u00f5it on meeskonna, mitte minu v\u00f5it!\u201c \u00a0<strong>Oleg Egipte<\/strong>\u00a0jahilt Wenna jaoks oli see selle paadiga esimene Muhu V\u00e4ina regatt ja ka esimene etapiv\u00f5it. \u201eMe tegime hea stardi, meil natuke vedas ja nii see tuli. Tegime v\u00e4hem vigu kui teised ja ka \u00f5nn oli meie poolel.\u00a0<strong>Kristjan M\u00e4nna<\/strong>\u00a0jahilt Liliann kommenteeris t\u00e4nast s\u00f5itu ja v\u00f5itu: \u201eMeile sobib vaikse tuulega kr\u00fcssamine, olime \u00f5igel ajal \u00f5iges kohas ja tuulevaikimise ajal olime t\u00e4pselt generaali peal. Olud olid meile soodsad, tegime \u00f5iged paudid \u00f5ige koha peal ja ka tehnilised viperused meid ei kimbutanud,\u201c oli s\u00f5iduv\u00f5itja r\u00f5\u00f5mus.<\/p>\n<p style=\"text-align: justify;\">Enne viimast etappi \u00fcldarvestuses punktidele otsa vaadates k\u00e4ib k\u00f5ige tihedam rebimine Eesti meistri tiitlile v\u00f5istlevatel Folkbootidel. Siin on v\u00f5rdselt kaheks punkti Kalevi Jahtklubi jahtidel Linda Pertti Neeroga roolis ja Tiit Riisalo jahil Lind, kuid Linda on juhtimas \u00fche v\u00f5rra rohkema esikoha t\u00f5ttu. Kahepunktised vahed \u00fcldkokkuv\u00f5ttes on kahes grupis \u2013 ORC II grupis on juhtimas jaht Adele (Aleksandr Karboinov, JK Baltsail) ja teisel kohal jaht Jazz (Viljar Sepp, Kalevi Jahtklubi). ESTLYS I grupis on kahe punktiga juhtimas jaht Katarina Jee (Mart Tamm, Saaremaa Merispordi Selts), teisel kohal Credit24, Reval Cafe (Eero Pank, Kalevi Jahtklubi). Kolmepunktiline edu on ORC I grupi jahil Sugar 2 (Marjaliisa Umb, P\u00e4rnu Jahtklubi) jahi Forte (Tammo Otsasoo, Kalevi Jahtklubi) ees. Sama suur edu on ka jahil Tessa (Alar Ivanson, Kalevi Jahtklubi) naiskonna Equipe du Piloilleri (Anne-Mari Luik, ROPK \/ Kalevi Jahtklubi) ees. ORC III grupis juhib kuuepunktilise eduga Bailarina (Andrejs Buls, RSSC, L\u00e4ti) ja ESTLYS III grupis on liidril Liliann (Margus Beljakov, Saaremaa Merispordi Selts) kaheksapunktiline edumaa.<\/p>\n<p style=\"text-align: justify;\">T\u00e4na \u00f5htul on P\u00e4rnu Jahtklubis pidu \u2013 EV 100 merepidu, mille k\u00e4igus saavad p\u00e4rjatud regati kahe etapi parimad \u2013 Loodus Investi K\u00e4rdla-Kihnu ja Dermoshop\/Confido Kihnu-P\u00e4rnu etapi v\u00f5itjad. Lisaks saavad k\u00f5ik purjetajad kokku \u00fchise \u00f5htus\u00f6\u00f6gilaua taga ja EV100 merepeole annab \u00f5htul hoogu Anna Kucinsky b\u00e4nd.<\/p>\n<p style=\"text-align: justify;\">Laup\u00e4eval, 14. juulil on P\u00e4rnu lahel t\u00e4navuse aasta regati viimane v\u00f5idus\u00f5it. Kell 10 algaval l\u00fchirajas\u00f5idul s\u00f5idetakse Sportland Eesti \/ Helly Hanseni auhindadele. A. Le Coq 61. Muhu V\u00e4ina regati v\u00f5itjad ja Eesti meistrid ORC III ja Folkboot klassides p\u00e4rjatakse P\u00e4rnu Jahtklubis hilisel p\u00e4rastl\u00f5unal ning j\u00e4tkub purjetajate ja EV 100 merepidu.<\/p>\n<p><strong>Dermoshop\/Confido etapi esikolmikud gruppide kaupa:<\/strong><\/p>\n<p>ORC I<br \/>\n1. TEGU LTU2235 Jurgis Janulionis, Vilnius Yacht Club<br \/>\n2. MINNI EST50 Andres Aavik, Kalevi Jahtklubi<br \/>\n3. FORTE EST 475 Tammo Otsasoo, Kalevi Jahtklubi<\/p>\n<p>ORC II<br \/>\n1. ADELE EST467 Aleksandr Karboinov, JK Baltsail<br \/>\n2. SILVA EST407 Urmas Salu, Kalevi Jahtklubi<br \/>\n3. MATILDA3 EST462 Koit Pauts, Haapsalu Jahtklubi<\/p>\n<p>ORC III<br \/>\n1. LASTOCHKA RUS177 Aleskandr Evseev, Orekhova harbor<br \/>\n2. LEILA EST242 Priit P\u00f5ldmaa, Kalevi Jahtklubi<br \/>\n3. BAILARINA LAT359 Andrejs Buls, RSSC<\/p>\n<p>ESTLYSI<br \/>\n1. CREDIT24 REVAL CAFE EST703 Eero Pank, Kalevi Jahtklubi<br \/>\n2. TUULE EST408 Kristjan Mugra, P\u00e4rnu Jahtklubi<br \/>\n3. LADY BIRD EST299 Johannes Puusepp, P\u00e4rnu Jahtklubi<\/p>\n<p>ESTLYS II<br \/>\n1. LILIANN EST396 Margus Beljakov, Saaremaa Merispordi Selts<br \/>\n2. EQUIPE DU PILOILLERI 3 Anne-Mai Luik, ROPK \/ Kalevi Jahtklubi<br \/>\n3. TEMPER EST188 Harri Murd, P\u00e4rnu Jahtklubi<\/p>\n<p>ESTLYS III<br \/>\n1. WENNA EST698 Andrei Matvejev, Kalevi Jahtklubi<br \/>\n2. MERCURIUS EST 45 Margus Tasa, Saaremaa Merispordi Selts<br \/>\n3. KAIJA EST29 Annika Malva, Noblessneri purjetamiskool<\/p>\n<p>FOLKBOOT<br \/>\n1. LINDA EST42 Pertti Neero, Kalevi Jahtklubi<br \/>\n2. LIND EST32 Tiit Riisalo, Kalevi Jahtklubi<br \/>\n3. GRETA EST5 Martin Orav, Kalevi Jahtklubi<\/p>\n<p><a href=\"http:\/\/muhuvain.ee\/tulemused-1\/tulemused-2018\" target=\"_blank\">Etapi ja koondtulemused<\/a><br \/>\n<a href=\"https:\/\/www.facebook.com\/pg\/muhuvainaregatt\/photos\/?tab=albums\" target=\"_blank\">Regati pildigaleriid<\/a><br \/>\n<a href=\"https:\/\/www.facebook.com\/muhuvainaregatt\/videos\/10156309595950993\/\" target=\"_blank\">Intervjuud ja videod<\/a><\/p>\n<p><span class=\"mc-toc-title\"><em>A. Le Coq Muhu V\u00e4ina regatti korraldavad Kalev Jahtklubi ja P\u00e4rnu Jahtklubi koost\u00f6\u00f6s Eesti Vabariik 100 korraldustiimi ja Eesti Jahtklubide Liiduga. Muhu V\u00e4ina regati toetajad on A. Le Coq, Postimees\/Eesti Meedia, Helly Hansen\/Sportland, DSV, Volvo Trucks Estonia, Amserv\/Toyota, Alexela, Pro Marine, Dermoshop, Confido, Loodus Invest, OlyBet, Rahva Raamat, Haven Kakum\u00e4e, Eesti Vabatahtlik Mere- ja J\u00e4rvep\u00e4\u00e4ste, P\u00e4rnu linn, Hiiumaa Vald.<\/em><\/span><\/p>\n<p>Muhu V\u00e4ina regati ja EV100 merepidude lisainfo:\u00a0<a href=\"http:\/\/muhuvain.ee\/regatt2018\/uritused\">muhuvain.ee\/regatt2018\/uritused<\/a><br \/>\nRegati kodulehek\u00fclg\u00a0<a href=\"http:\/\/www.muhuvain.ee\/\">www.muhuvain.ee<\/a><br \/>\nRegati Facebooki lehek\u00fclg &#8211;\u00a0<a href=\"https:\/\/www.facebook.com\/muhuvainaregatt\/\">www.facebook.com\/muhuvainaregatt\/<\/a><br \/>\nL\u00e4hem info EV100 juubeli\u00fcrituste kohta on leitav veebilehelt\u00a0<a href=\"http:\/\/www.ev100.ee\/\">www.EV100.ee<\/a><br \/>\nGPS j\u00e4lgimine &#8211;\u00a0<a href=\"https:\/\/sport.postimees.ee\/4540643\/jarelvaadatav-muhu-vaina-regati-esimene-etapp-luhirajal-pakkus-ponevust?_ga=2.152115385.1059035476.1530797040-1445841599.1395152145\" target=\"_blank\">purjetamine.postimees.ee\/<\/a>\u00a0ja\u00a0<a href=\"http:\/\/www.sportrec.eu\/?page_id=671\">www.sportrec.eu\/?page_id=671<\/a><br \/>\nPildid ja uudised regatilt &#8211;\u00a0<a href=\"http:\/\/purjetamine.postimees.ee\/?r=3145\">Postimehe portaali Purjetamine\/Muhu V\u00e4ina regatt alamlehel.<\/a><\/p>\n<p style=\"text-align: center;\"><img loading=\"lazy\" class=\"aligncenter size-full wp-image-9605\" src=\"http:\/\/www.kjk.ee\/wp-content\/uploads\/2018\/07\/mv1-4.jpg\" alt=\"mv1\" width=\"600\" height=\"370\" srcset=\"https:\/\/kjk.ee\/wp-content\/uploads\/2018\/07\/mv1-4.jpg 600w, https:\/\/kjk.ee\/wp-content\/uploads\/2018\/07\/mv1-4-300x185.jpg 300w, https:\/\/kjk.ee\/wp-content\/uploads\/2018\/07\/mv1-4-89x55.jpg 89w, https:\/\/kjk.ee\/wp-content\/uploads\/2018\/07\/mv1-4-78x48.jpg 78w, https:\/\/kjk.ee\/wp-content\/uploads\/2018\/07\/mv1-4-159x98.jpg 159w\" sizes=\"(max-width: 600px) 100vw, 600px\" \/><\/p>\n<table class=\"mcnImageCardBottomContent\" border=\"0\" width=\"100%\" cellspacing=\"0\" cellpadding=\"0\" align=\"left\">\n<tbody>\n<tr>\n<td class=\"mcnTextContent\" style=\"text-align: center;\" valign=\"top\" width=\"546\">Esimese etapiv\u00f5idu sai kirja ORC I grupis Jurgis Janulionise jaht Tegu Vilniusest. Foto Piret Salmistu<\/td>\n<\/tr>\n<\/tbody>\n<\/table>\n<p style=\"text-align: center;\"><img loading=\"lazy\" class=\"aligncenter size-full wp-image-9606\" src=\"http:\/\/www.kjk.ee\/wp-content\/uploads\/2018\/07\/mv2-3.jpg\" alt=\"mv2\" width=\"600\" height=\"400\" srcset=\"https:\/\/kjk.ee\/wp-content\/uploads\/2018\/07\/mv2-3.jpg 600w, https:\/\/kjk.ee\/wp-content\/uploads\/2018\/07\/mv2-3-300x200.jpg 300w, https:\/\/kjk.ee\/wp-content\/uploads\/2018\/07\/mv2-3-83x55.jpg 83w, https:\/\/kjk.ee\/wp-content\/uploads\/2018\/07\/mv2-3-72x48.jpg 72w, https:\/\/kjk.ee\/wp-content\/uploads\/2018\/07\/mv2-3-147x98.jpg 147w\" sizes=\"(max-width: 600px) 100vw, 600px\" \/><\/p>\n<table class=\"mcnImageCardBottomContent\" border=\"0\" width=\"100%\" cellspacing=\"0\" cellpadding=\"0\" align=\"right\">\n<tbody>\n<tr>\n<td class=\"mcnTextContent\" style=\"text-align: center;\" valign=\"top\" width=\"546\">ORC II grupi v\u00f5itja jaht Adele (Aleksandr Karboinov, JK Baltsail). Foto Piret Salmistu<\/td>\n<\/tr>\n<\/tbody>\n<\/table>\n<p style=\"text-align: center;\"><img loading=\"lazy\" class=\"aligncenter size-full wp-image-9607\" src=\"http:\/\/www.kjk.ee\/wp-content\/uploads\/2018\/07\/mv3-3.jpg\" alt=\"mv3\" width=\"600\" height=\"370\" srcset=\"https:\/\/kjk.ee\/wp-content\/uploads\/2018\/07\/mv3-3.jpg 600w, https:\/\/kjk.ee\/wp-content\/uploads\/2018\/07\/mv3-3-300x185.jpg 300w, https:\/\/kjk.ee\/wp-content\/uploads\/2018\/07\/mv3-3-89x55.jpg 89w, https:\/\/kjk.ee\/wp-content\/uploads\/2018\/07\/mv3-3-78x48.jpg 78w, https:\/\/kjk.ee\/wp-content\/uploads\/2018\/07\/mv3-3-159x98.jpg 159w\" sizes=\"(max-width: 600px) 100vw, 600px\" \/><\/p>\n<table class=\"mcnImageCardBottomContent\" border=\"0\" width=\"100%\" cellspacing=\"0\" cellpadding=\"0\" align=\"left\">\n<tbody>\n<tr>\n<td class=\"mcnTextContent\" valign=\"top\" width=\"546\">ORC III grupi etapiv\u00f5itja &#8211; Lastochka Venemaalt Aleskandr Evseeviga roolis (Orekhova harbor). Foto Piret Salmistu.<\/td>\n<\/tr>\n<\/tbody>\n<\/table>\n<p style=\"text-align: center;\"><img loading=\"lazy\" class=\"aligncenter size-full wp-image-9608\" src=\"http:\/\/www.kjk.ee\/wp-content\/uploads\/2018\/07\/mv4-3.jpg\" alt=\"mv4\" width=\"600\" height=\"400\" srcset=\"https:\/\/kjk.ee\/wp-content\/uploads\/2018\/07\/mv4-3.jpg 600w, https:\/\/kjk.ee\/wp-content\/uploads\/2018\/07\/mv4-3-300x200.jpg 300w, https:\/\/kjk.ee\/wp-content\/uploads\/2018\/07\/mv4-3-83x55.jpg 83w, https:\/\/kjk.ee\/wp-content\/uploads\/2018\/07\/mv4-3-72x48.jpg 72w, https:\/\/kjk.ee\/wp-content\/uploads\/2018\/07\/mv4-3-147x98.jpg 147w\" sizes=\"(max-width: 600px) 100vw, 600px\" \/><\/p>\n<table class=\"mcnImageCardBottomContent\" border=\"0\" width=\"100%\" cellspacing=\"0\" cellpadding=\"0\" align=\"left\">\n<tbody>\n<tr>\n<td class=\"mcnTextContent\" style=\"text-align: center;\" valign=\"top\" width=\"546\">ESTLYS I grupi v\u00f5idujaht Credit24 Reval Cafe Eero Pankiga roolis Kalevi Jahtklubist. Foto Piret Salmistu.<\/td>\n<\/tr>\n<\/tbody>\n<\/table>\n<p style=\"text-align: center;\"><img loading=\"lazy\" class=\"aligncenter size-full wp-image-9609\" src=\"http:\/\/www.kjk.ee\/wp-content\/uploads\/2018\/07\/mv5-2.jpg\" alt=\"mv5\" width=\"600\" height=\"365\" srcset=\"https:\/\/kjk.ee\/wp-content\/uploads\/2018\/07\/mv5-2.jpg 600w, https:\/\/kjk.ee\/wp-content\/uploads\/2018\/07\/mv5-2-300x183.jpg 300w, https:\/\/kjk.ee\/wp-content\/uploads\/2018\/07\/mv5-2-90x55.jpg 90w, https:\/\/kjk.ee\/wp-content\/uploads\/2018\/07\/mv5-2-79x48.jpg 79w, https:\/\/kjk.ee\/wp-content\/uploads\/2018\/07\/mv5-2-161x98.jpg 161w\" sizes=\"(max-width: 600px) 100vw, 600px\" \/><\/p>\n<table class=\"mcnImageCardBottomContent\" border=\"0\" width=\"100%\" cellspacing=\"0\" cellpadding=\"0\" align=\"left\">\n<tbody>\n<tr>\n<td class=\"mcnTextContent\" style=\"text-align: center;\" valign=\"top\" width=\"546\">ESTLYS II grupi v\u00f5idujaht Kihnu-P\u00e4rnu etapil oli Margus Beljakovi Liliann Saaremaa Merispordi Seltsist.\u00a0 \u00a0 \u00a0 \u00a0 \u00a0 \u00a0 Foto Piret Salmistu.<\/td>\n<\/tr>\n<\/tbody>\n<\/table>\n<p style=\"text-align: justify;\"><img loading=\"lazy\" class=\"aligncenter size-full wp-image-9610\" src=\"http:\/\/www.kjk.ee\/wp-content\/uploads\/2018\/07\/mv6.jpg\" alt=\"mv6\" width=\"600\" height=\"250\" srcset=\"https:\/\/kjk.ee\/wp-content\/uploads\/2018\/07\/mv6.jpg 600w, https:\/\/kjk.ee\/wp-content\/uploads\/2018\/07\/mv6-300x125.jpg 300w, https:\/\/kjk.ee\/wp-content\/uploads\/2018\/07\/mv6-132x55.jpg 132w, https:\/\/kjk.ee\/wp-content\/uploads\/2018\/07\/mv6-115x48.jpg 115w, https:\/\/kjk.ee\/wp-content\/uploads\/2018\/07\/mv6-235x98.jpg 235w\" sizes=\"(max-width: 600px) 100vw, 600px\" \/><\/p>\n<table class=\"mcnImageCardBottomContent\" border=\"0\" width=\"100%\" cellspacing=\"0\" cellpadding=\"0\" align=\"left\">\n<tbody>\n<tr>\n<td class=\"mcnTextContent\" style=\"text-align: center;\" valign=\"top\" width=\"546\">ESTLYS III grupi jahtide start, kus v\u00f5it kuulus Andrei Matvejevi jahile Wenna Kalevi Jahtklubist.\u00a0 \u00a0 \u00a0 \u00a0 \u00a0 \u00a0 \u00a0 \u00a0 \u00a0 \u00a0 \u00a0 \u00a0 \u00a0 \u00a0 Foto Piret Salmistu.<\/td>\n<\/tr>\n<\/tbody>\n<\/table>\n<p style=\"text-align: center;\"><img loading=\"lazy\" class=\"aligncenter size-full wp-image-9612\" src=\"http:\/\/www.kjk.ee\/wp-content\/uploads\/2018\/07\/mv7-1.jpg\" alt=\"mv7\" width=\"600\" height=\"400\" srcset=\"https:\/\/kjk.ee\/wp-content\/uploads\/2018\/07\/mv7-1.jpg 600w, https:\/\/kjk.ee\/wp-content\/uploads\/2018\/07\/mv7-1-300x200.jpg 300w, https:\/\/kjk.ee\/wp-content\/uploads\/2018\/07\/mv7-1-83x55.jpg 83w, https:\/\/kjk.ee\/wp-content\/uploads\/2018\/07\/mv7-1-72x48.jpg 72w, https:\/\/kjk.ee\/wp-content\/uploads\/2018\/07\/mv7-1-147x98.jpg 147w\" sizes=\"(max-width: 600px) 100vw, 600px\" \/><\/p>\n<p style=\"text-align: center;\">Folkbootide grupis oli Kihnu-P\u00e4rnu etapi v\u00f5itja Kalevi Jahtklubi jaht Linda Pertti Neeroga roolis.<\/p>\n<p style=\"text-align: center;\">Foto Piret Salmistu.<\/p>\n<p style=\"text-align: justify;\"><img loading=\"lazy\" class=\"aligncenter size-full wp-image-9534\" src=\"http:\/\/www.kjk.ee\/wp-content\/uploads\/2018\/07\/MV-logod-2018.jpg\" alt=\"MV logod 2018\" width=\"600\" height=\"379\" srcset=\"https:\/\/kjk.ee\/wp-content\/uploads\/2018\/07\/MV-logod-2018.jpg 600w, https:\/\/kjk.ee\/wp-content\/uploads\/2018\/07\/MV-logod-2018-300x190.jpg 300w, https:\/\/kjk.ee\/wp-content\/uploads\/2018\/07\/MV-logod-2018-87x55.jpg 87w, https:\/\/kjk.ee\/wp-content\/uploads\/2018\/07\/MV-logod-2018-76x48.jpg 76w, https:\/\/kjk.ee\/wp-content\/uploads\/2018\/07\/MV-logod-2018-155x98.jpg 155w\" sizes=\"(max-width: 600px) 100vw, 600px\" \/><\/p>\n","protected":false},"excerpt":{"rendered":"<p>13. juuli 2018 &#8211; P\u00e4rnu &#8211; P\u00e4rast eilset, kuid paljude jaoks alles \u00f6\u00f6sel l\u00f5ppenud pikka etappi pakkus A. Le Coq 61. Muhu V\u00e4ina regatt t\u00e4na purjetajatele oluliselt l\u00fchema ja h\u00f5lpsama p\u00e4eva Dermoshop\/Confido Kihnu-P\u00e4rnu etapil. Keskp\u00e4eval Kihnu l\u00e4histelt rajale saadetud jahid l\u00e4bisid ca \u00fcheteistk\u00fcmne miili pikkuse distantsi v\u00f5ttes esmalt Sorgu l\u00f5unapoi ja siis Irmgardi l\u00e4\u00e4nepoi ning fini\u0161eerides kahe tunni p\u00e4rast P\u00e4rnu<a class=\"more-link\" href=\"https:\/\/kjk.ee\/en\/reedene-paev-merel-muhu-vaina-regatt-joudis-eelviimase-etapiga-parnusse\/\">[Read More&#8230;]<\/a><\/p>\n","protected":false},"author":24,"featured_media":9609,"comment_status":"open","ping_status":"open","sticky":false,"template":"","format":"standard","meta":{"spay_email":"","jetpack_publicize_message":""},"categories":[167,1],"tags":[],"jetpack_featured_media_url":"https:\/\/kjk.ee\/wp-content\/uploads\/2018\/07\/mv5-2.jpg","jetpack_publicize_connections":[],"jetpack_sharing_enabled":true,"jetpack_shortlink":"https:\/\/wp.me\/paW3M4-2uM","_links":{"self":[{"href":"https:\/\/kjk.ee\/en\/wp-json\/wp\/v2\/posts\/9596"}],"collection":[{"href":"https:\/\/kjk.ee\/en\/wp-json\/wp\/v2\/posts"}],"about":[{"href":"https:\/\/kjk.ee\/en\/wp-json\/wp\/v2\/types\/post"}],"author":[{"embeddable":true,"href":"https:\/\/kjk.ee\/en\/wp-json\/wp\/v2\/users\/24"}],"replies":[{"embeddable":true,"href":"https:\/\/kjk.ee\/en\/wp-json\/wp\/v2\/comments?post=9596"}],"version-history":[{"count":5,"href":"https:\/\/kjk.ee\/en\/wp-json\/wp\/v2\/posts\/9596\/revisions"}],"predecessor-version":[{"id":9615,"href":"https:\/\/kjk.ee\/en\/wp-json\/wp\/v2\/posts\/9596\/revisions\/9615"}],"wp:featuredmedia":[{"embeddable":true,"href":"https:\/\/kjk.ee\/en\/wp-json\/wp\/v2\/media\/9609"}],"wp:attachment":[{"href":"https:\/\/kjk.ee\/en\/wp-json\/wp\/v2\/media?parent=9596"}],"wp:term":[{"taxonomy":"category","embeddable":true,"href":"https:\/\/kjk.ee\/en\/wp-json\/wp\/v2\/categories?post=9596"},{"taxonomy":"post_tag","embeddable":true,"href":"https:\/\/kjk.ee\/en\/wp-json\/wp\/v2\/tags?post=9596"}],"curies":[{"name":"wp","href":"https:\/\/api.w.org\/{rel}","templated":true}]}}